{"id":350295,"date":"2026-08-24T10:25:21","date_gmt":"2026-08-24T10:25:21","guid":{"rendered":"https:\/\/www.europesays.com\/se\/350295\/"},"modified":"2026-08-24T10:25:21","modified_gmt":"2026-08-24T10:25:21","slug":"wilson-lindberg-uhrstrom-lamnar-hammarby-klar-for-hacken","status":"publish","type":"post","link":"https:\/\/www.europesays.com\/se\/350295\/","title":{"rendered":"Wilson Lindberg Uhrstr\u00f6m l\u00e4mnar Hammarby \u2013 klar f\u00f6r H\u00e4cken"},"content":{"rendered":"<p>Uppdaterad 24 aug 2026 kl 11.21Publicerad 24 aug 2026 kl 10.12<\/p>\n<p>Wilson Lindberg Uhrstr\u00f6m, 20, l\u00e4mnar Hammarby.<\/p>\n<p>F\u00f6r H\u00e4cken.<\/p>\n<p>\u2013 I den h\u00e4r fasen av min karri\u00e4r beh\u00f6ver jag regelbunden speltid, s\u00e4ger han till <a href=\"https:\/\/bkhacken.se\/nyhet\/bk-hacken-varvar-mittfaltare-fran-hammarby-if\" rel=\"nofollow noopener\" target=\"_blank\">klubbens hemsida.<\/a>\u00a0<\/p>\n<p><img   alt=\"\"\/> <\/p>\n<p>Foto: Peter Hansson \/ Peter Hansson\/Stella Pictures \/ Stella Pictures<\/p>\n<p>\u00d6ppna bild i helsk\u00e4rm<\/p>\n<p>Den 20-\u00e5rige mittf\u00e4ltaren noterades f\u00f6r sex allsvenska framtr\u00e4danden f\u00f6rra s\u00e4songen, men i den h\u00e5rda Bajenkonkurrensen har det endast blivit tre stycken i \u00e5r.<\/p>\n<p>Nu har Wilson Lindberg Uhrstr\u00f6m skrivit p\u00e5 f\u00f6r H\u00e4cken.<\/p>\n<p>\u2013 Wilson har en stark mentalitet och m\u00e5nga fina offensiva kvaliteter, s\u00e4ger Ericsson. F\u00f6rutom att vara en kreativ po\u00e4ngspelare med ett bra avslut \u00e4r han skicklig p\u00e5 att hitta l\u00f6sningar i den sista tredjedelen av planen. S\u00e5 det \u00e4r en sp\u00e4nnande ung spelare vars fortsatta utveckling vi ser fram emot att vara en del av, s\u00e4ger fotbollschef Martin Ericsson.<\/p>\n<p>Lindberg Uhrstr\u00f6m: \u201dBra jobb med unga\u201d<\/p>\n<p>Kontraktet str\u00e4cker sig \u00f6ver s\u00e4songen 2030.<\/p>\n<p>\u2013 I den h\u00e4r fasen av min karri\u00e4r beh\u00f6ver jag regelbunden speltid, f\u00f6r det \u00e4r fr\u00e4mst genom mer rutin p\u00e5 h\u00f6gsta niv\u00e5 man utvecklas och tar n\u00e4sta kliv. Och d\u00e4r vet jag att H\u00e4cken g\u00f6r ett bra jobb med unga spelare. Dessutom tycker jag att den fotbollen <a href=\"https:\/\/www.expressen.se\/tagg\/organization\/bk-hacken\/\" class=\"\" rel=\"nofollow noopener\" target=\"_blank\">BK H\u00e4cken<\/a> spelar passar mig bra, det \u00e4r en offensiv och rolig fotboll, s\u00e4ger Lindberg Uhrstr\u00f6m.<\/p>\n<p>Han forts\u00e4tter:<\/p>\n<p>\u2013 Den stora omst\u00e4llningen blir nog att komma in i ett nytt lag, med annan taktik och spels\u00e4tt. Det tar kanske en liten stund, men det kommer att g\u00e5. Och d\u00e5 kommer supportrarna f\u00e5 se en spelare som \u00e4r rolig att kolla p\u00e5 och som har en riktig vinnarskalle.\u00a0<\/p>\n<p>F\u00f6r tillf\u00e4llet sl\u00e5ss Hammarby och H\u00e4cken i toppen av allsvenskan. Stockholmarna ligger tv\u00e5a, fem po\u00e4ng f\u00f6re H\u00e4cken, efter 18 omg\u00e5ngar.<\/p>\n","protected":false},"excerpt":{"rendered":"Uppdaterad 24 aug 2026 kl 11.21Publicerad 24 aug 2026 kl 10.12 Wilson Lindberg Uhrstr\u00f6m, 20, l\u00e4mnar Hammarby. F\u00f6r&hellip;\n","protected":false},"author":2,"featured_media":350296,"comment_status":"","ping_status":"","sticky":false,"template":"","format":"standard","meta":{"footnotes":"","_share_on_mastodon":"0"},"categories":[68],"tags":[159,1555,138,578,34,111,110,31,33,32,30],"class_list":["post-350295","post","type-post","status-publish","format-standard","has-post-thumbnail","category-sport","tag-allsvenskan","tag-bk-hacken","tag-fotboll","tag-hammarby-if","tag-se","tag-sport","tag-sports","tag-svenska","tag-sverige","tag-sweden","tag-swedish"],"share_on_mastodon":{"url":"https:\/\/pubeurope.com\/@se\/117150006498836589","error":""},"_links":{"self":[{"href":"https:\/\/www.europesays.com\/se\/wp-json\/wp\/v2\/posts\/350295","targetHints":{"allow":["GET"]}}],"collection":[{"href":"https:\/\/www.europesays.com\/se\/wp-json\/wp\/v2\/posts"}],"about":[{"href":"https:\/\/www.europesays.com\/se\/wp-json\/wp\/v2\/types\/post"}],"author":[{"embeddable":true,"href":"https:\/\/www.europesays.com\/se\/wp-json\/wp\/v2\/users\/2"}],"replies":[{"embeddable":true,"href":"https:\/\/www.europesays.com\/se\/wp-json\/wp\/v2\/comments?post=350295"}],"version-history":[{"count":0,"href":"https:\/\/www.europesays.com\/se\/wp-json\/wp\/v2\/posts\/350295\/revisions"}],"wp:featuredmedia":[{"embeddable":true,"href":"https:\/\/www.europesays.com\/se\/wp-json\/wp\/v2\/media\/350296"}],"wp:attachment":[{"href":"https:\/\/www.europesays.com\/se\/wp-json\/wp\/v2\/media?parent=350295"}],"wp:term":[{"taxonomy":"category","embeddable":true,"href":"https:\/\/www.europesays.com\/se\/wp-json\/wp\/v2\/categories?post=350295"},{"taxonomy":"post_tag","embeddable":true,"href":"https:\/\/www.europesays.com\/se\/wp-json\/wp\/v2\/tags?post=350295"}],"curies":[{"name":"wp","href":"https:\/\/api.w.org\/{rel}","templated":true}]}}