{"id":35047,"date":"2025-09-20T10:49:07","date_gmt":"2025-09-20T10:49:07","guid":{"rendered":"https:\/\/www.europesays.com\/se\/35047\/"},"modified":"2025-09-20T10:49:07","modified_gmt":"2025-09-20T10:49:07","slug":"margareta-isacsson-80-blev-au-pair-bytte-motala-mot-usa","status":"publish","type":"post","link":"https:\/\/www.europesays.com\/se\/35047\/","title":{"rendered":"Margareta Isacsson, 80, blev au pair \u2013 bytte Motala mot USA"},"content":{"rendered":"<p>Publicerad 20 sep 2025 kl 12.00<\/p>\n<p>Margareta fr\u00e5n Motala \u00e5kte till USA f\u00f6r att bli au pair \u2013 en resa m\u00e5nga g\u00f6r efter studenten. Men en detalj sticker ut.<\/p>\n<p>\u2013 Jag \u00e5kte n\u00e4r jag var \u201deighty\u201d i st\u00e4llet f\u00f6r \u201deighteen\u201d, s\u00e4ger Margareta.<\/p>\n<p><img   alt=\"\"\/><\/p>\n<p>Margareta och Clara.<\/p>\n<p>Foto: Privat<\/p>\n<p>\u00d6ppna bild i helsk\u00e4rm<img loading=\"lazy\"   alt=\"\"\/><\/p>\n<p>Det blev flera utflykter i Kalifornien.<\/p>\n<p>Foto: Privat<\/p>\n<p>\u00d6ppna bild i helsk\u00e4rm<img loading=\"lazy\"   alt=\"\"\/><\/p>\n<p>Margareta spenderade tv\u00e5 m\u00e5nader i USA.<\/p>\n<p>Foto: Privat<\/p>\n<p>\u00d6ppna bild i helsk\u00e4rmArtikeln i korthet<\/p>\n<p> Margareta, 80, blev au pair i USA \u2013 ovanligt f\u00f6r sin \u00e5lder.<\/p>\n<p> Tr\u00e4ffade ov\u00e4ntat ett fotbollsproffs fr\u00e5n Motala i Monterey.<\/p>\n<p> Uppmanar fler att v\u00e5ga \u00e4ventyr, oavsett \u00e5lder.<\/p>\n<p>Visa mer<\/p>\n<p>De flesta au pairer \u00e4r i 20-\u00e5rs\u00e5ldern \u2013 men det stoppade inte Margareta Isacsson, 80. I februari bytte hon hemmet i <a href=\"https:\/\/www.expressen.se\/tagg\/location\/motala\/\" class=\"\" rel=\"nofollow noopener\" target=\"_blank\">Motala<\/a> mot Monterey i Kalifornien.<\/p>\n<p>D\u00e4r spenderade hon tv\u00e5 m\u00e5nader som au pair \u00e5t Clara, sju m\u00e5nader, vilket <a href=\"https:\/\/www.mvt.se\/nyheter\/motala\/artikel\/margareta-akte-till-kalifornien-och-blev-au-pair-som-79-aring\/rmpge52r\" rel=\"nofollow noopener\" target=\"_blank\">Motala Vadstena Tidning <\/a>var f\u00f6rst att skriva om.<\/p>\n<p>Sj\u00e4lv tycker Margareta inte att det var s\u00e5 m\u00e4rkv\u00e4rdigt.<\/p>\n<p>\u2013 Det var naturligt f\u00f6r mig. Tycker de att jag ska \u00e5ka och jag kan g\u00f6ra nytta, varf\u00f6r ska jag inte g\u00f6ra det?, s\u00e4ger hon.<\/p>\n<p>Hon har tv\u00e5 egna barn, ett barnbarn och m\u00e5nga bonusbarnbarn \u2013 s\u00e5 att ta hand om sm\u00e5 var inga problem.<\/p>\n<p>\u2013 Man sk\u00f6ter v\u00e4l dem likadant nu som man gjorde f\u00f6rr.<\/p>\n<p>Bebisen \u00e4r barnbarn till Margaretas sv\u00e4rdotter, s\u00e5 det k\u00e4ndes det sj\u00e4lvklart att \u00e5ka n\u00e4r familjen beh\u00f6vde hj\u00e4lp med barnomsorg. Clara var som tur var lugn och l\u00e4tthanterlig.<\/p>\n<p>P\u00e5 dagarna gick de promenader, h\u00e4ngde i lekparken och \u00e5t mat tillsammans medan f\u00f6r\u00e4ldrarna jobbade. De tr\u00e4ffade ocks\u00e5 andra barn med sina mammor eller morm\u00f6drar.<\/p>\n<p>\u2013 Det var j\u00e4tteintressant och roligt att prata lite med andra f\u00f6r\u00e4ldrar ocks\u00e5. Och de var lite nyfikna p\u00e5 mig och tyckte att jag hade \u00e5kt s\u00e5 l\u00e5ngt f\u00f6r att se efter ett barn, ber\u00e4ttar Margareta.<\/p>\n<p>M\u00e4rkliga m\u00f6tet \u2013 Motala i Monterey<\/p>\n<p>Trots att hon befann sig p\u00e5 andra sidan Atlanten k\u00e4ndes aldrig Sverige l\u00e5ngt borta. En grupp svenska damer som bott i omr\u00e5det l\u00e4nge bj\u00f6d in Margareta p\u00e5 semlor p\u00e5 fettisdagen.<\/p>\n<p>\u2013 N\u00e4r jag pratade med dem s\u00e5 hade vi ocks\u00e5 gemensamma bekanta. S\u00e5 v\u00e4rlden \u00e4r inte s\u00e5 stor.<\/p>\n<p>P\u00e5 helgerna blev det ofta utflykter f\u00f6r Margareta och familjen. En dag var de p\u00e5 fotboll \u2013 och d\u00e5 h\u00e4nde n\u00e5got ov\u00e4ntat.<\/p>\n<p>\u2013 Vi tr\u00e4ffade faktiskt en svensk kille som var fr\u00e5n Motala, som i januari hade flyttat till Monterey och var fotbollsproffs.<\/p>\n<p>Killen, som var i 25-\u00e5rs\u00e5ldern, blev hembjuden till Margareta och familjen.<\/p>\n<p>\u2013 Det var m\u00e4rkligt allts\u00e5. Tv\u00e5 personer fr\u00e5n Motala, det \u00e4r inte s\u00e5 stort, \u00e5ker till Monterey i USA.<\/p>\n<p>Margaretas tips: Passa p\u00e5<\/p>\n<p>Margareta uppmanar fler att ta chansen till \u00e4ventyr n\u00e4r det dyker upp, oavsett n\u00e4r i livet.<\/p>\n<p>\u2013 Jag lever i nuet och g\u00f6r det som faller in, och bryr mig inte om att jag \u00e4r pension\u00e4r eller vad jag \u00e4r.<\/p>\n<p>Snart ska hon och hennes syster, som \u00e4r 87 \u00e5r, bege sig till S\u00e4len f\u00f6r att vandra.<\/p>\n<p>\u2013 Det \u00e4r bara att passa p\u00e5 s\u00e5 l\u00e4nge man har m\u00f6jlighet.<\/p>\n","protected":false},"excerpt":{"rendered":"Publicerad 20 sep 2025 kl 12.00 Margareta fr\u00e5n Motala \u00e5kte till USA f\u00f6r att bli au pair \u2013&hellip;\n","protected":false},"author":2,"featured_media":35048,"comment_status":"","ping_status":"","sticky":false,"template":"","format":"standard","meta":{"footnotes":""},"categories":[12],"tags":[22,23,26,27,17,21,24,25,3769,45,28,29,15,16,18,34,154,31,33,32,30,19,3770,3771,856,20],"class_list":{"0":"post-35047","1":"post","2":"type-post","3":"status-publish","4":"format-standard","5":"has-post-thumbnail","7":"category-sverige","8":"tag-breaking-news","9":"tag-breakingnews","10":"tag-featured-news","11":"tag-featurednews","12":"tag-headlines","13":"tag-huvudnyheter","14":"tag-latest-news","15":"tag-latestnews","16":"tag-location-motala","17":"tag-location-usa","18":"tag-main-news","19":"tag-mainnews","20":"tag-news","21":"tag-nyheter","22":"tag-rubriker","23":"tag-se","24":"tag-sections-sverige","25":"tag-svenska","26":"tag-sverige","27":"tag-sweden","28":"tag-swedish","29":"tag-top-stories","30":"tag-topic-aldrande","31":"tag-topic-barnomsorg","32":"tag-topic-resa-turism","33":"tag-topstories"},"share_on_mastodon":{"url":"","error":""},"_links":{"self":[{"href":"https:\/\/www.europesays.com\/se\/wp-json\/wp\/v2\/posts\/35047","targetHints":{"allow":["GET"]}}],"collection":[{"href":"https:\/\/www.europesays.com\/se\/wp-json\/wp\/v2\/posts"}],"about":[{"href":"https:\/\/www.europesays.com\/se\/wp-json\/wp\/v2\/types\/post"}],"author":[{"embeddable":true,"href":"https:\/\/www.europesays.com\/se\/wp-json\/wp\/v2\/users\/2"}],"replies":[{"embeddable":true,"href":"https:\/\/www.europesays.com\/se\/wp-json\/wp\/v2\/comments?post=35047"}],"version-history":[{"count":0,"href":"https:\/\/www.europesays.com\/se\/wp-json\/wp\/v2\/posts\/35047\/revisions"}],"wp:featuredmedia":[{"embeddable":true,"href":"https:\/\/www.europesays.com\/se\/wp-json\/wp\/v2\/media\/35048"}],"wp:attachment":[{"href":"https:\/\/www.europesays.com\/se\/wp-json\/wp\/v2\/media?parent=35047"}],"wp:term":[{"taxonomy":"category","embeddable":true,"href":"https:\/\/www.europesays.com\/se\/wp-json\/wp\/v2\/categories?post=35047"},{"taxonomy":"post_tag","embeddable":true,"href":"https:\/\/www.europesays.com\/se\/wp-json\/wp\/v2\/tags?post=35047"}],"curies":[{"name":"wp","href":"https:\/\/api.w.org\/{rel}","templated":true}]}}