{"id":35049,"date":"2025-09-20T10:50:14","date_gmt":"2025-09-20T10:50:14","guid":{"rendered":"https:\/\/www.europesays.com\/se\/35049\/"},"modified":"2025-09-20T10:50:14","modified_gmt":"2025-09-20T10:50:14","slug":"modos-sverre-ronningen-stangs-av-for-tackling-mot-albert-sjoberg","status":"publish","type":"post","link":"https:\/\/www.europesays.com\/se\/35049\/","title":{"rendered":"MoDos Sverre R\u00f6nningen st\u00e4ngs av f\u00f6r tackling mot Albert Sj\u00f6berg"},"content":{"rendered":"<p><strong>Efter bara tolv sekunder skedde en rej\u00e4l kollision mellan Albert Sj\u00f6berg och Sverre R\u00f6nningen.<br \/>Nu st\u00e4ngs MoDos norrman av i tv\u00e5 matcher.<\/strong><\/p>\n<p><img loading=\"lazy\" decoding=\"async\" width=\"1024\" height=\"658\" src=\"https:\/\/www.europesays.com\/se\/wp-content\/uploads\/2025\/09\/Nytt-projekt-25-1024x658.webp.webp\" alt=\"\" class=\"wp-image-305289\"  \/>Sverre R\u00f6nningen i MoDo blev anm\u00e4ld i debuten.<br \/>Foto: Bildbyr\u00e5n<\/p>\n<p>Disciplinn\u00e4mnden har granskat en situation i den hockeyallsvenska premi\u00e4ren mellan <a href=\"https:\/\/hockeysverige.se\/klubb\/modo-hockey\" rel=\"nofollow noopener\" target=\"_blank\">MoDo<\/a> och <a href=\"https:\/\/hockeysverige.se\/klubb\/ostersunds-ik\" rel=\"nofollow noopener\" target=\"_blank\">\u00d6stersund<\/a>. Efter det har man kommit fram till att anm\u00e4la Sverre R\u00f6nningen, ny fr\u00e5n den norska ligan. Den storv\u00e4xta backen \u00e5kte in med axeln mot motspelarens huvud. <a href=\"https:\/\/hockeysverige.se\/spelare\/albert-sjoberg\" rel=\"nofollow noopener\" target=\"_blank\">Albert Sj\u00f6berg<\/a> blir liggandes och har tydligt ont efter situationen. N\u00e5gon utvisning utd\u00f6mdes dock inte.<\/p>\n<p>Eftersom Sj\u00f6berg inte hade pucken blir rubriceringen illegal check to the head.<\/p>\n<p>Situationen skedde bara tolv sekunder in i den f\u00f6rsta perioden, vilket var R\u00f6nningens debut i svensk hockey. Han kommer nu att missa de tv\u00e5 kommande matcherna mot Nybro och Oskarshamn.<\/p>\n<p>MoDo vann matchen med 3\u20131.<\/p>\n","protected":false},"excerpt":{"rendered":"Efter bara tolv sekunder skedde en rej\u00e4l kollision mellan Albert Sj\u00f6berg och Sverre R\u00f6nningen.Nu st\u00e4ngs MoDos norrman av&hellip;\n","protected":false},"author":2,"featured_media":34962,"comment_status":"","ping_status":"","sticky":false,"template":"","format":"standard","meta":{"footnotes":""},"categories":[5],"tags":[22,23,26,27,17,621,21,24,25,28,29,15,16,18,34,133,31,33,32,30,19,20],"class_list":{"0":"post-35049","1":"post","2":"type-post","3":"status-publish","4":"format-standard","5":"has-post-thumbnail","7":"category-rubriker","8":"tag-breaking-news","9":"tag-breakingnews","10":"tag-featured-news","11":"tag-featurednews","12":"tag-headlines","13":"tag-hockeyallsvenskan","14":"tag-huvudnyheter","15":"tag-latest-news","16":"tag-latestnews","17":"tag-main-news","18":"tag-mainnews","19":"tag-news","20":"tag-nyheter","21":"tag-rubriker","22":"tag-se","23":"tag-second-news","24":"tag-svenska","25":"tag-sverige","26":"tag-sweden","27":"tag-swedish","28":"tag-top-stories","29":"tag-topstories"},"share_on_mastodon":{"url":"","error":""},"_links":{"self":[{"href":"https:\/\/www.europesays.com\/se\/wp-json\/wp\/v2\/posts\/35049","targetHints":{"allow":["GET"]}}],"collection":[{"href":"https:\/\/www.europesays.com\/se\/wp-json\/wp\/v2\/posts"}],"about":[{"href":"https:\/\/www.europesays.com\/se\/wp-json\/wp\/v2\/types\/post"}],"author":[{"embeddable":true,"href":"https:\/\/www.europesays.com\/se\/wp-json\/wp\/v2\/users\/2"}],"replies":[{"embeddable":true,"href":"https:\/\/www.europesays.com\/se\/wp-json\/wp\/v2\/comments?post=35049"}],"version-history":[{"count":0,"href":"https:\/\/www.europesays.com\/se\/wp-json\/wp\/v2\/posts\/35049\/revisions"}],"wp:featuredmedia":[{"embeddable":true,"href":"https:\/\/www.europesays.com\/se\/wp-json\/wp\/v2\/media\/34962"}],"wp:attachment":[{"href":"https:\/\/www.europesays.com\/se\/wp-json\/wp\/v2\/media?parent=35049"}],"wp:term":[{"taxonomy":"category","embeddable":true,"href":"https:\/\/www.europesays.com\/se\/wp-json\/wp\/v2\/categories?post=35049"},{"taxonomy":"post_tag","embeddable":true,"href":"https:\/\/www.europesays.com\/se\/wp-json\/wp\/v2\/tags?post=35049"}],"curies":[{"name":"wp","href":"https:\/\/api.w.org\/{rel}","templated":true}]}}