{"id":350531,"date":"2026-08-24T13:20:15","date_gmt":"2026-08-24T13:20:15","guid":{"rendered":"https:\/\/www.europesays.com\/se\/350531\/"},"modified":"2026-08-24T13:20:15","modified_gmt":"2026-08-24T13:20:15","slug":"fint-vader-i-veckan-men-sen-kan-sommaren-vara-slut","status":"publish","type":"post","link":"https:\/\/www.europesays.com\/se\/350531\/","title":{"rendered":"Fint v\u00e4der i veckan \u2013 men sen kan sommaren vara slut"},"content":{"rendered":"<p>Den som vill njuta av sensommarv\u00e4rmen f\u00e5r skynda sig, s\u00e4ger Klarts meteorolog Lasse Rydqvist till Aftonbladet.<\/p>\n<p>Veckan som kommer ser ut att bjuda p\u00e5 h\u00f6gsommarv\u00e4rme i stora delar av landet. <\/p>\n<p>\u2013 Det blir varmt f\u00f6r \u00e5rstiden p\u00e5 dagarna. Vanligtvis ligger vi kanske tv\u00e5 till fem grader l\u00e4gre s\u00e5 h\u00e4r \u00e5rs, s\u00e4ger Lasse Rydqvist.<\/p>\n<p>Sen sl\u00e5r det om. Redan p\u00e5 fredagen drar ett l\u00e5gtryck in fr\u00e5n Nordsj\u00f6n och med det kan de sista riktigt fina sommardagarna vara slut f\u00f6r i \u00e5r. <\/p>\n<p>Omni \u00e4r politiskt obundna och oberoende. Vi str\u00e4var efter att ge fler perspektiv p\u00e5 nyheterna. Har du fr\u00e5gor eller synpunkter kring v\u00e5r rapportering? <a href=\"https:\/\/omni.se\/fint-vader-i-veckan-men-sen-kan-sommaren-vara-slut\/a\/mailto:redaktion@omni.se\" class=\"ArticleActions-module-scss-module__w9u9BG__contactLink\" rel=\"nofollow noopener\" target=\"_blank\">Kontakta redaktionen<\/a><\/p>\n","protected":false},"excerpt":{"rendered":"Den som vill njuta av sensommarv\u00e4rmen f\u00e5r skynda sig, s\u00e4ger Klarts meteorolog Lasse Rydqvist till Aftonbladet. Veckan som&hellip;\n","protected":false},"author":2,"featured_media":350532,"comment_status":"","ping_status":"","sticky":false,"template":"","format":"standard","meta":{"footnotes":"","_share_on_mastodon":"0"},"categories":[5],"tags":[22,23,26,27,17,21,15062,24,25,28,29,15,16,18,34,31,33,32,30,19,20,693],"class_list":["post-350531","post","type-post","status-publish","format-standard","has-post-thumbnail","category-rubriker","tag-breaking-news","tag-breakingnews","tag-featured-news","tag-featurednews","tag-headlines","tag-huvudnyheter","tag-klart-se","tag-latest-news","tag-latestnews","tag-main-news","tag-mainnews","tag-news","tag-nyheter","tag-rubriker","tag-se","tag-svenska","tag-sverige","tag-sweden","tag-swedish","tag-top-stories","tag-topstories","tag-vader"],"share_on_mastodon":{"url":"https:\/\/pubeurope.com\/@se\/117150693720367447","error":""},"_links":{"self":[{"href":"https:\/\/www.europesays.com\/se\/wp-json\/wp\/v2\/posts\/350531","targetHints":{"allow":["GET"]}}],"collection":[{"href":"https:\/\/www.europesays.com\/se\/wp-json\/wp\/v2\/posts"}],"about":[{"href":"https:\/\/www.europesays.com\/se\/wp-json\/wp\/v2\/types\/post"}],"author":[{"embeddable":true,"href":"https:\/\/www.europesays.com\/se\/wp-json\/wp\/v2\/users\/2"}],"replies":[{"embeddable":true,"href":"https:\/\/www.europesays.com\/se\/wp-json\/wp\/v2\/comments?post=350531"}],"version-history":[{"count":0,"href":"https:\/\/www.europesays.com\/se\/wp-json\/wp\/v2\/posts\/350531\/revisions"}],"wp:featuredmedia":[{"embeddable":true,"href":"https:\/\/www.europesays.com\/se\/wp-json\/wp\/v2\/media\/350532"}],"wp:attachment":[{"href":"https:\/\/www.europesays.com\/se\/wp-json\/wp\/v2\/media?parent=350531"}],"wp:term":[{"taxonomy":"category","embeddable":true,"href":"https:\/\/www.europesays.com\/se\/wp-json\/wp\/v2\/categories?post=350531"},{"taxonomy":"post_tag","embeddable":true,"href":"https:\/\/www.europesays.com\/se\/wp-json\/wp\/v2\/tags?post=350531"}],"curies":[{"name":"wp","href":"https:\/\/api.w.org\/{rel}","templated":true}]}}