{"id":35058,"date":"2025-09-20T11:23:06","date_gmt":"2025-09-20T11:23:06","guid":{"rendered":"https:\/\/www.europesays.com\/se\/35058\/"},"modified":"2025-09-20T11:23:06","modified_gmt":"2025-09-20T11:23:06","slug":"mopeddirektoren-leif-berix-skankte-miljoner-till-sd","status":"publish","type":"post","link":"https:\/\/www.europesays.com\/se\/35058\/","title":{"rendered":"Mopeddirekt\u00f6ren Leif Berix sk\u00e4nkte miljoner till SD"},"content":{"rendered":"<p>Publicerad 20 sep 2025 kl 12.49Uppdaterad kl 12.57<\/p>\n<p>Den f\u00f6rm\u00f6gne f\u00f6retagaren Leif Berix har efter sin d\u00f6d sk\u00e4nkt nio miljoner kronor till Sverigedemokraterna \u2013 och en miljon till bolaget bakom den h\u00f6gerextrema tidningen Nya tider.<\/p>\n<p>I Berix bostad hittades ocks\u00e5 en revolver som omh\u00e4ndertogs av polisen.<\/p>\n<p>\u2013 Han hade revolvern under huvudkudden, s\u00e4ger en anh\u00f6rig.<\/p>\n<p>Senaste nyhetsklippen fr\u00e5n Expressen.<img   alt=\"\"\/><\/p>\n<p>F\u00f6retagaren Leif Berix testamenterade sina tillg\u00e5ngar till Sverigedemokraterna \u2013\u00a0och till bolaget bakom den h\u00f6gerextrema tidningen Nya tider.<\/p>\n<p>Foto: Privat<\/p>\n<p>\u00d6ppna bild i helsk\u00e4rm<\/p>\n<p>Sommaren 2023 avled f\u00f6retagaren Leif Berix i Trollh\u00e4ttan. Hans f\u00f6retag b\u00f6rjade p\u00e5 80-talet att tillverka en eldriven moped och under n\u00e5gra \u00e5r p\u00e5 90-talet gav han ocks\u00e5 ut tidningen Elfordons-Nytt.\u00a0<\/p>\n<p>Ett par m\u00e5nader innan han gick bort skrev han ett testamente d\u00e4r han ville att alla hans tillg\u00e5ngar \u2013 bland annat en fastighet och en Rolls-Royce Silver Shadow \u2013 skulle s\u00e4ljas efter hans d\u00f6d.\u00a0<\/p>\n<p>I hans bostad hittades ocks\u00e5 en revolver av kaliber 22. En tidigare n\u00e4ra anh\u00f6rig ber\u00e4ttar att han visade upp revolvern f\u00f6r henne:<\/p>\n<p>\u2013 Han hade revolvern under huvudkudden, ber\u00e4ttar hon och till\u00e4gger att han ocks\u00e5 f\u00f6rvarade vapnet i ett kassask\u00e5p.<\/p>\n<p><strong>Varf\u00f6r hade han revolvern?<\/strong><\/p>\n<p>\u2013 F\u00f6r att f\u00f6rsvara sig.<\/p>\n<p>Efter Berix d\u00f6d omh\u00e4ndertogs vapnet, som det saknades tillst\u00e5nd f\u00f6r, av polisen. Polisen bed\u00f6mde ocks\u00e5, enligt bouppteckningen, att revolvern saknade marknadsv\u00e4rde. D\u00f6dsboet gjorde inte anspr\u00e5k p\u00e5 vapnet utan det l\u00e4mnades f\u00f6r destruktion.<\/p>\n<p><img loading=\"lazy\"   alt=\"\"\/><\/p>\n<p>Leif Berix i Trollh\u00e4ttan 1999.<\/p>\n<p>Foto: JAN WIRIDEN<\/p>\n<p>\u00d6ppna bild i helsk\u00e4rmTestamenterade till SD och h\u00f6gerextrem tidning<\/p>\n<p>I sitt testamente skrev Berix att hans pengar skulle sk\u00e4nkas till <a href=\"https:\/\/www.expressen.se\/tagg\/organization\/sverigedemokraterna\/\" class=\"\" rel=\"nofollow noopener\" target=\"_blank\">Sverigedemokraterna<\/a>, med undantag f\u00f6r en mindre del av arvet som skulle g\u00e5 till fem privatpersoner \u2013\u00a0och en miljon kronor som skulle g\u00e5 till bolaget Alternamedia.<\/p>\n<p>Alternamedia \u00e4r bolaget som ligger bakom tidningen Nya Tider, som av stiftelsen Expo beskrivits som h\u00f6gerextrem. Tidningen har genom \u00e5ren f\u00e5tt stor uppm\u00e4rksamhet eftersom den beviljats statligt presst\u00f6d. En h\u00e4ftig debatt utbr\u00f6t ocks\u00e5 f\u00f6r cirka ett decennium sedan om Nya Tiders medverkan p\u00e5 <a href=\"https:\/\/www.expressen.se\/kultur\/bokmassan-erbjod-nya-tider-ersattning\/\" rel=\"nofollow noopener\" target=\"_blank\">Bokm\u00e4ssan<\/a> i G\u00f6teborg.<\/p>\n<p><img loading=\"lazy\"   alt=\"\"\/><\/p>\n<p>V\u00e1vra Suk \u00e4r vd f\u00f6r Alternamedia och chefredakt\u00f6r f\u00f6r Nya tider.<\/p>\n<p>Foto: JOACHIM NYWALL \/ IBL<\/p>\n<p>\u00d6ppna bild i helsk\u00e4rm<img loading=\"lazy\"   alt=\"\"\/><\/p>\n<p>Jimmie \u00c5kessons parti fick drygt nio miljoner kronor fr\u00e5n Leif Berix d\u00f6dsbo.<\/p>\n<p>Foto: PELLE T NILSSON \/ SPA SPA | SWEDISH PRESS AGENCY<\/p>\n<p>\u00d6ppna bild i helsk\u00e4rm<\/p>\n<p>M\u00e5ngmiljonarvet till Sverigedemokraterna har nu dykt upp i Kammarkollegiets f\u00f6rteckning \u00f6ver donationer till politiska partier f\u00f6r 2024. D\u00e4r framg\u00e5r att partiet uppgett att det tagit emot 9 084 451 kronor fr\u00e5n Berix d\u00f6dsbo.\u00a0<\/p>\n<p>Miljonerna till SD var med god marginal den st\u00f6rsta enskilda privatdonationen som n\u00e5got parti registrerade hos myndigheten f\u00f6r 2024.<\/p>\n<p>Avsl\u00f6jades av TV4<\/p>\n<p>Just fr\u00e5gan om att registrera donationer till politiska partier uppm\u00e4rksammades inf\u00f6r senaste valet efter en granskning i TV4:s \u201dKalla fakta\u201d. Programmet anv\u00e4nde sig d\u00e5 av en wallraffande aff\u00e4rsman som kontaktade partierna med \u00f6nskan om att sk\u00e4nka pengar till dem anonymt.\u00a0<\/p>\n<p>Reglerna s\u00e4ger n\u00e4mligen att donationer \u00f6ver ett halvt prisbasbelopp, i nul\u00e4get drygt 29 000 kronor, ska redovisas f\u00f6r Kammarkollegiet och d\u00e4rmed bli offentliga.<a href=\"https:\/\/www.expressen.se\/nyheter\/val-2022\/partierna-avslojade-ville-nyttja-kryphal\/\" rel=\"nofollow noopener\" target=\"_blank\"> TV4:s granskning<\/a> visade att flera partier sade sig vara villiga att kringg\u00e5 lagstiftningen.<\/p>\n<p>Sverigedemokraternas d\u00e5varande ekonomichef <a href=\"https:\/\/www.expressen.se\/nyheter\/sd-tappar-topptjansteman-ett-ar-kvar-till-valet\/\" rel=\"nofollow noopener\" target=\"_blank\">Lena-Karin Lifvenhjelm<\/a> f\u00f6reslog f\u00f6r TV4:s wallraffande aff\u00e4rsman att donationen skulle ges till en person som \u00e4r beredd att st\u00e5 f\u00f6r bidraget, varp\u00e5 pengarna sedan g\u00e5r vidare till partiet. P\u00e5 s\u00e5 s\u00e4tt skulle den verklige donatorn f\u00f6rbli anonym.<\/p>\n<p>SD tillbakavisade d\u00e5 avsl\u00f6jandet och menade att TV4 bara hade tagit med delar av ett l\u00e4ngre citat, ett p\u00e5st\u00e5ende som i sin tur tillbakavisades av TV4.<\/p>\n<p>Expressen har s\u00f6kt Sverigedemokraterna och V\u00e1vra Suk, vd f\u00f6r Alternamedia och chefredakt\u00f6r f\u00f6r Nya Tider, om donationerna fr\u00e5n Berix.<\/p>\n<p><strong>L\u00c4S MER: <\/strong><a href=\"https:\/\/www.expressen.se\/nyheter\/sd-tappar-topptjansteman-ett-ar-kvar-till-valet\/\" class=\"\" rel=\"nofollow noopener\" target=\"_blank\">SD tappar topptj\u00e4nsteman \u2013 ett \u00e5r kvar till valet<\/a><strong>L\u00c4S MER: <\/strong><a href=\"https:\/\/www.expressen.se\/nyheter\/val-2022\/partierna-avslojade-ville-nyttja-kryphal\/\" class=\"\" rel=\"nofollow noopener\" target=\"_blank\">Partierna avsl\u00f6jade \u2013  ville nyttja kryph\u00e5l<\/a><strong>L\u00c4S MER: <\/strong><a href=\"https:\/\/www.expressen.se\/nyheter\/politik\/riksdagsledamoter-radda-sd-slapper-in-extremist\/\" class=\"\" rel=\"nofollow noopener\" target=\"_blank\">Riksdagsledam\u00f6ter r\u00e4dda: SD sl\u00e4pper in extremist<\/a><\/p>\n","protected":false},"excerpt":{"rendered":"Publicerad 20 sep 2025 kl 12.49Uppdaterad kl 12.57 Den f\u00f6rm\u00f6gne f\u00f6retagaren Leif Berix har efter sin d\u00f6d sk\u00e4nkt&hellip;\n","protected":false},"author":2,"featured_media":35059,"comment_status":"","ping_status":"","sticky":false,"template":"","format":"standard","meta":{"footnotes":""},"categories":[5],"tags":[22,23,26,27,17,21,24,25,28,29,15,16,38,18,34,583,31,33,32,30,19,20],"class_list":{"0":"post-35058","1":"post","2":"type-post","3":"status-publish","4":"format-standard","5":"has-post-thumbnail","7":"category-rubriker","8":"tag-breaking-news","9":"tag-breakingnews","10":"tag-featured-news","11":"tag-featurednews","12":"tag-headlines","13":"tag-huvudnyheter","14":"tag-latest-news","15":"tag-latestnews","16":"tag-main-news","17":"tag-mainnews","18":"tag-news","19":"tag-nyheter","20":"tag-organization-sverigedemokraterna","21":"tag-rubriker","22":"tag-se","23":"tag-sections-politik","24":"tag-svenska","25":"tag-sverige","26":"tag-sweden","27":"tag-swedish","28":"tag-top-stories","29":"tag-topstories"},"share_on_mastodon":{"url":"","error":""},"_links":{"self":[{"href":"https:\/\/www.europesays.com\/se\/wp-json\/wp\/v2\/posts\/35058","targetHints":{"allow":["GET"]}}],"collection":[{"href":"https:\/\/www.europesays.com\/se\/wp-json\/wp\/v2\/posts"}],"about":[{"href":"https:\/\/www.europesays.com\/se\/wp-json\/wp\/v2\/types\/post"}],"author":[{"embeddable":true,"href":"https:\/\/www.europesays.com\/se\/wp-json\/wp\/v2\/users\/2"}],"replies":[{"embeddable":true,"href":"https:\/\/www.europesays.com\/se\/wp-json\/wp\/v2\/comments?post=35058"}],"version-history":[{"count":0,"href":"https:\/\/www.europesays.com\/se\/wp-json\/wp\/v2\/posts\/35058\/revisions"}],"wp:featuredmedia":[{"embeddable":true,"href":"https:\/\/www.europesays.com\/se\/wp-json\/wp\/v2\/media\/35059"}],"wp:attachment":[{"href":"https:\/\/www.europesays.com\/se\/wp-json\/wp\/v2\/media?parent=35058"}],"wp:term":[{"taxonomy":"category","embeddable":true,"href":"https:\/\/www.europesays.com\/se\/wp-json\/wp\/v2\/categories?post=35058"},{"taxonomy":"post_tag","embeddable":true,"href":"https:\/\/www.europesays.com\/se\/wp-json\/wp\/v2\/tags?post=35058"}],"curies":[{"name":"wp","href":"https:\/\/api.w.org\/{rel}","templated":true}]}}