{"id":350751,"date":"2026-08-24T16:24:09","date_gmt":"2026-08-24T16:24:09","guid":{"rendered":"https:\/\/www.europesays.com\/se\/350751\/"},"modified":"2026-08-24T16:24:09","modified_gmt":"2026-08-24T16:24:09","slug":"danmarks-statsminister-blev-kontaktad-av-en-plastikkirurg","status":"publish","type":"post","link":"https:\/\/www.europesays.com\/se\/350751\/","title":{"rendered":"Danmarks statsminister blev kontaktad av en plastikkirurg"},"content":{"rendered":"<p>  <img alt=\"\" class=\"_image_1jxax_84 layout-component layout-wide\" data-fullscreen- data-track-element-type=\"Article image fullscreen\" data-track-name=\"ImageFullscreen\" fetchpriority=\"high\" decoding=\"sync\" loading=\"eager\" height=\"4608\" itemprop=\"image\"  src=\"https:\/\/www.europesays.com\/se\/wp-content\/uploads\/2026\/08\/9c01ab6e-ee5b-39a2-bc5a-ee14cbd82288.jpeg\"  style=\"object-position:36.083984375% 50.553385416666664%\" width=\"8192\"\/><\/p>\n<p class=\"_textTheme_zldsx_1 _lead_16k26_2 _lead_3ue4t_18 layout-component layout-normal layout-padded _lead_o6m9k_5 _leadTheme_1q6sv_1 body-large bold\">Ett ov\u00e4lkommet f\u00f6rslag om att fixa en \u201dfl\u00e4ck p\u00e5 n\u00e4san\u201d fick den danska statsministern Mette Frederiksen att reagera starkt. \u201dJag har tappat r\u00e4kningen p\u00e5 hur m\u00e5nga meddelanden jag har f\u00e5tt genom \u00e5ren om mitt utseende\u201d, skriver hon p\u00e5 Instagram.<\/p>\n<p><a class=\"_link_1lr5y_108\" href=\"https:\/\/www.svd.se\/av\/martin-palmborg\" title=\"Martin Palmborg\" rel=\"nofollow noopener\" target=\"_blank\"><img alt=\"Bild av Martin Palmborg\" class=\"_image_1lr5y_85\" fetchpriority=\"low\" decoding=\"async\" itemprop=\"image\" loading=\"lazy\"  src=\"https:\/\/www.europesays.com\/se\/wp-content\/uploads\/2026\/08\/1787588649_557_861e42a1-1aa5-4614-b511-b4b91dae35b0.png\"  width=\"480\"\/><\/a>          <\/p>\n<p class=\"_textTheme_zldsx_1 _paragraph_16k26_4 _paragraph_3ue4t_27 layout-component layout-normal layout-padded body-medium\">\u201dHej Mette, borde vi inte fixa din lilla fl\u00e4ck p\u00e5 n\u00e4san?\u201d<\/p>\n<p class=\"_textTheme_zldsx_1 _paragraph_16k26_4 _paragraph_3ue4t_27 layout-component layout-normal layout-padded body-medium\">Det meddelandet m\u00f6ttes Danmarks statsminister av p\u00e5 s\u00f6ndagen, nyligen hemkommen fr\u00e5n en <a href=\"https:\/\/www.svd.se\/a\/7p4owo\/nordiska-ledare-pa-tvadagarsbesok-i-kiev\" class=\"_link_16k26_32\" rel=\"nofollow noopener\" target=\"_blank\">resa till Ukraina<\/a>. <\/p>\n","protected":false},"excerpt":{"rendered":"Ett ov\u00e4lkommet f\u00f6rslag om att fixa en \u201dfl\u00e4ck p\u00e5 n\u00e4san\u201d fick den danska statsministern Mette Frederiksen att reagera&hellip;\n","protected":false},"author":2,"featured_media":350752,"comment_status":"","ping_status":"","sticky":false,"template":"","format":"standard","meta":{"footnotes":"","_share_on_mastodon":"0"},"categories":[67],"tags":[1205,104,3564,34,31,33,32,30,105],"class_list":["post-350751","post","type-post","status-publish","format-standard","has-post-thumbnail","category-underhallning","tag-danmark","tag-entertainment","tag-mette-frederiksen","tag-se","tag-svenska","tag-sverige","tag-sweden","tag-swedish","tag-underhallning"],"share_on_mastodon":{"url":"https:\/\/pubeurope.com\/@se\/117151417981231787","error":""},"_links":{"self":[{"href":"https:\/\/www.europesays.com\/se\/wp-json\/wp\/v2\/posts\/350751","targetHints":{"allow":["GET"]}}],"collection":[{"href":"https:\/\/www.europesays.com\/se\/wp-json\/wp\/v2\/posts"}],"about":[{"href":"https:\/\/www.europesays.com\/se\/wp-json\/wp\/v2\/types\/post"}],"author":[{"embeddable":true,"href":"https:\/\/www.europesays.com\/se\/wp-json\/wp\/v2\/users\/2"}],"replies":[{"embeddable":true,"href":"https:\/\/www.europesays.com\/se\/wp-json\/wp\/v2\/comments?post=350751"}],"version-history":[{"count":0,"href":"https:\/\/www.europesays.com\/se\/wp-json\/wp\/v2\/posts\/350751\/revisions"}],"wp:featuredmedia":[{"embeddable":true,"href":"https:\/\/www.europesays.com\/se\/wp-json\/wp\/v2\/media\/350752"}],"wp:attachment":[{"href":"https:\/\/www.europesays.com\/se\/wp-json\/wp\/v2\/media?parent=350751"}],"wp:term":[{"taxonomy":"category","embeddable":true,"href":"https:\/\/www.europesays.com\/se\/wp-json\/wp\/v2\/categories?post=350751"},{"taxonomy":"post_tag","embeddable":true,"href":"https:\/\/www.europesays.com\/se\/wp-json\/wp\/v2\/tags?post=350751"}],"curies":[{"name":"wp","href":"https:\/\/api.w.org\/{rel}","templated":true}]}}