{"id":350769,"date":"2026-08-24T16:36:20","date_gmt":"2026-08-24T16:36:20","guid":{"rendered":"https:\/\/www.europesays.com\/se\/350769\/"},"modified":"2026-08-24T16:36:20","modified_gmt":"2026-08-24T16:36:20","slug":"kallor-usa-planerar-hojda-kinatullar-infor-toppmotet","status":"publish","type":"post","link":"https:\/\/www.europesays.com\/se\/350769\/","title":{"rendered":"K\u00e4llor: USA planerar h\u00f6jda Kinatullar inf\u00f6r toppm\u00f6tet"},"content":{"rendered":"<p>USA \u00f6verv\u00e4ger en ny tull p\u00e5 7,5 procent mot Kina som anklagas f\u00f6r \u00f6verproduktion av industrivaror, uppger k\u00e4llor f\u00f6r Bloomberg.<\/p>\n<p>Den exakta tullniv\u00e5n uppges \u00e4nnu inte vara best\u00e4md. Totalt skulle det inneb\u00e4ra att USA:s tullar mot Kina under Trumps andra mandatperiod stiger till runt 20 procent, en niv\u00e5 regimen tidigare har sagt \u00e4r f\u00f6renlig med l\u00e4ndernas handelsvapenvila.<\/p>\n<p>Trumpadministrationen hoppas kunna presentera resultatet av den tidigare aviserade utredningen av Kinas p\u00e5st\u00e5dda \u00f6verproduktion f\u00f6re det planerade toppm\u00f6tet mellan l\u00e4ndernas presidenter Donald Trump och Xi Jinping i slutet av september, enligt k\u00e4llorna.<\/p>\n<p>Omni \u00e4r politiskt obundna och oberoende. Vi str\u00e4var efter att ge fler perspektiv p\u00e5 nyheterna. Har du fr\u00e5gor eller synpunkter kring v\u00e5r rapportering? <a href=\"https:\/\/omni.se\/kallor-usa-planerar-hojda-kinatullar-infor-toppmotet\/a\/mailto:redaktion@omni.se\" class=\"ArticleActions-module-scss-module__w9u9BG__contactLink\" rel=\"nofollow noopener\" target=\"_blank\">Kontakta redaktionen<\/a><\/p>\n","protected":false},"excerpt":{"rendered":"USA \u00f6verv\u00e4ger en ny tull p\u00e5 7,5 procent mot Kina som anklagas f\u00f6r \u00f6verproduktion av industrivaror, uppger k\u00e4llor&hellip;\n","protected":false},"author":2,"featured_media":350770,"comment_status":"","ping_status":"","sticky":false,"template":"","format":"standard","meta":{"footnotes":"","_share_on_mastodon":"0"},"categories":[14],"tags":[420,22,23,385,26,27,951,17,21,1108,549,24,25,28,29,15,268,16,18,34,31,33,32,30,19,20,74,51,52,53,54,2223],"class_list":["post-350769","post","type-post","status-publish","format-standard","has-post-thumbnail","category-varlden","tag-asien","tag-breaking-news","tag-breakingnews","tag-donald-trump","tag-featured-news","tag-featurednews","tag-handel-tjanster","tag-headlines","tag-huvudnyheter","tag-internationell-handel","tag-kina","tag-latest-news","tag-latestnews","tag-main-news","tag-mainnews","tag-news","tag-nordamerika","tag-nyheter","tag-rubriker","tag-se","tag-svenska","tag-sverige","tag-sweden","tag-swedish","tag-top-stories","tag-topstories","tag-usa","tag-varlden","tag-world","tag-world-news","tag-worldnews","tag-xi-jinping"],"share_on_mastodon":{"url":"https:\/\/pubeurope.com\/@se\/117151464624849232","error":""},"_links":{"self":[{"href":"https:\/\/www.europesays.com\/se\/wp-json\/wp\/v2\/posts\/350769","targetHints":{"allow":["GET"]}}],"collection":[{"href":"https:\/\/www.europesays.com\/se\/wp-json\/wp\/v2\/posts"}],"about":[{"href":"https:\/\/www.europesays.com\/se\/wp-json\/wp\/v2\/types\/post"}],"author":[{"embeddable":true,"href":"https:\/\/www.europesays.com\/se\/wp-json\/wp\/v2\/users\/2"}],"replies":[{"embeddable":true,"href":"https:\/\/www.europesays.com\/se\/wp-json\/wp\/v2\/comments?post=350769"}],"version-history":[{"count":0,"href":"https:\/\/www.europesays.com\/se\/wp-json\/wp\/v2\/posts\/350769\/revisions"}],"wp:featuredmedia":[{"embeddable":true,"href":"https:\/\/www.europesays.com\/se\/wp-json\/wp\/v2\/media\/350770"}],"wp:attachment":[{"href":"https:\/\/www.europesays.com\/se\/wp-json\/wp\/v2\/media?parent=350769"}],"wp:term":[{"taxonomy":"category","embeddable":true,"href":"https:\/\/www.europesays.com\/se\/wp-json\/wp\/v2\/categories?post=350769"},{"taxonomy":"post_tag","embeddable":true,"href":"https:\/\/www.europesays.com\/se\/wp-json\/wp\/v2\/tags?post=350769"}],"curies":[{"name":"wp","href":"https:\/\/api.w.org\/{rel}","templated":true}]}}