{"id":350773,"date":"2026-08-24T16:38:20","date_gmt":"2026-08-24T16:38:20","guid":{"rendered":"https:\/\/www.europesays.com\/se\/350773\/"},"modified":"2026-08-24T16:38:20","modified_gmt":"2026-08-24T16:38:20","slug":"sista-dagarna-sen-forsvinner-sommarvarmen","status":"publish","type":"post","link":"https:\/\/www.europesays.com\/se\/350773\/","title":{"rendered":"Sista dagarna \u2013 sen f\u00f6rsvinner sommarv\u00e4rmen"},"content":{"rendered":"<p>  <a class=\"_link_1lr5y_108\" href=\"https:\/\/aftonbladet.se\/av\/linnea-blomberg\" title=\"Linnea Blomberg\" rel=\"nofollow noopener\" target=\"_blank\"><img alt=\"Bild av Linnea Blomberg\" class=\"_image_1lr5y_85\" fetchpriority=\"low\" decoding=\"async\" itemprop=\"image\" loading=\"lazy\"  src=\"https:\/\/www.europesays.com\/se\/wp-content\/uploads\/2026\/08\/1787589499_279_c725184e-7c1f-47a7-987b-d3dd09655877.png\"  width=\"480\"\/><\/a> <img alt=\"Snart \u00e4r sommaren \u00f6ver f\u00f6r den h\u00e4r g\u00e5ngen.\" class=\"_image_1jxax_84 layout-component layout-wide\" data-fullscreen- data-track-element-type=\"Article image fullscreen\" data-track-name=\"ImageFullscreen\" fetchpriority=\"high\" decoding=\"sync\" loading=\"eager\" height=\"3920\" itemprop=\"image\"  src=\"https:\/\/www.europesays.com\/se\/wp-content\/uploads\/2026\/08\/7bd7b4aa-e6fb-32ae-b44e-86e26b918214.jpeg\"  style=\"object-position:0% 0%\" width=\"5344\"\/>Snart \u00e4r sommaren \u00f6ver f\u00f6r den h\u00e4r g\u00e5ngen.  Foto: Tomas Oneborg\/SvD\/TT \/ Svenska DagbladetVisa mer<\/p>\n<p class=\"_textTheme_4io5p_1 _lead_16k26_2 _lead_3ue4t_18 layout-component layout-normal layout-padded _lead_o6m9k_5 _leadTheme_cypwp_1 body-large bold\">Sommaren g\u00f6r ett sista ryck.<\/p>\n<p class=\"_textTheme_4io5p_1 _lead_16k26_2 _lead_3ue4t_18 layout-component layout-normal layout-padded _lead_o6m9k_5 _leadTheme_cypwp_1 body-large bold\">De n\u00e4rmaste dagarna v\u00e4ntas sol och uppemot 25 grader p\u00e5 flera h\u00e5ll \u2013 innan v\u00e4dret sl\u00e5r om rej\u00e4lt.<\/p>\n<p class=\"_textTheme_4io5p_1 _lead_16k26_2 _lead_3ue4t_18 layout-component layout-normal layout-padded _lead_o6m9k_5 _leadTheme_cypwp_1 body-large bold\">\u2013 Det kan bli mycket regn under kort tid, s\u00e4ger meteorologen Lasse Rydqvist p\u00e5 Klart.<\/p>\n<p class=\"_textTheme_4io5p_1 _paragraph_16k26_4 _paragraph_3ue4t_27 layout-component layout-normal layout-padded body-medium\">Ett h\u00f6gtryck har dragit in \u00f6ver Sverige och ser ut att bjuda p\u00e5 n\u00e5gra riktigt fina sensommardagar.<\/p>\n<p class=\"_textTheme_4io5p_1 _paragraph_16k26_4 _paragraph_3ue4t_27 layout-component layout-normal layout-padded body-medium\">Fram till och med torsdag v\u00e4ntas stabilt v\u00e4der i stora delar av landet.<\/p>\n<p class=\"_textTheme_4io5p_1 _paragraph_16k26_4 _paragraph_3ue4t_27 layout-component layout-normal layout-padded body-medium\">\u2013 M\u00e5ndag till torsdag ser bra ut tack vare ett h\u00f6gtryck som kommer att ge stabilt v\u00e4der f\u00f6r stora delar av landet. Det blir mycket sol och temperaturerna kommer att ta sig upp, s\u00e4ger Lasse Rydqvist.<\/p>\n<p> H\u00f6gsommarv\u00e4rme p\u00e5 V\u00e4stkusten <\/p>\n<p class=\"_textTheme_4io5p_1 _paragraph_16k26_4 _paragraph_3ue4t_27 layout-component layout-normal layout-padded body-medium\">Redan under tisdagen kan V\u00e4stkusten f\u00e5 h\u00f6gsommarv\u00e4rme, allts\u00e5 temperaturer p\u00e5 minst 25 grader.<\/p>\n<p class=\"_textTheme_4io5p_1 _paragraph_16k26_4 _paragraph_3ue4t_27 layout-component layout-normal layout-padded body-medium\">Och p\u00e5 onsdagen kan v\u00e4rmen sprida sig till fler delar av landet.<\/p>\n<p class=\"_textTheme_4io5p_1 _paragraph_16k26_4 _paragraph_3ue4t_27 layout-component layout-normal layout-padded body-medium\">\u2013 D\u00e5 ser det ut som att vi kan komma upp mot 25 grader p\u00e5 fler platser, \u00e4ven i norra G\u00f6taland, syd\u00f6stra Svealand och Norrland.<\/p>\n<p class=\"_textTheme_4io5p_1 _paragraph_16k26_4 _paragraph_3ue4t_27 layout-component layout-normal layout-padded body-medium\">Det inneb\u00e4r temperaturer som \u00e4r h\u00f6gre \u00e4n vad som \u00e4r normalt i slutet av augusti.<\/p>\n<p class=\"_textTheme_4io5p_1 _paragraph_16k26_4 _paragraph_3ue4t_27 layout-component layout-normal layout-padded body-medium\">\u2013 Det blir varmt f\u00f6r \u00e5rstiden p\u00e5 dagarna. Vanligtvis ligger vi kanske tv\u00e5 till fem grader l\u00e4gre s\u00e5 h\u00e4r \u00e5rs, s\u00e4ger Lasse Rydqvist.<\/p>\n<p> V\u00e4dret sl\u00e5r om  <\/p>\n<p class=\"_textTheme_4io5p_1 _paragraph_16k26_4 _paragraph_3ue4t_27 layout-component layout-normal layout-padded body-medium\">Men den som vill njuta av sensommarv\u00e4rmen g\u00f6r klokt i att passa p\u00e5.<\/p>\n<p class=\"_textTheme_4io5p_1 _paragraph_16k26_4 _paragraph_3ue4t_27 layout-component layout-normal layout-padded body-medium\">Mot slutet av veckan v\u00e4ntar n\u00e4mligen ett rej\u00e4lt v\u00e4deromslag.<\/p>\n<p class=\"_textTheme_4io5p_1 _paragraph_16k26_4 _paragraph_3ue4t_27 layout-component layout-normal layout-padded body-medium\">Ett l\u00e5gtryck fr\u00e5n Nordsj\u00f6n ser ut att tr\u00e4nga undan h\u00f6gtrycket under fredagen och l\u00f6rdagen.<\/p>\n<p class=\"_textTheme_4io5p_1 _paragraph_16k26_4 _paragraph_3ue4t_27 layout-component layout-normal layout-padded body-medium\">\u2013 D\u00e5 kan det bli kraftigt regn och \u00e5ska, s\u00e4ger Lasse Rydqvist.<\/p>\n<p class=\"_textTheme_4io5p_1 _paragraph_16k26_4 _paragraph_3ue4t_27 layout-component layout-normal layout-padded body-medium\">Regnomr\u00e5det v\u00e4ntas dra in s\u00f6derifr\u00e5n och sedan r\u00f6ra sig norrut \u00f6ver landet. Enligt prognosen kan stora delar av Sverige ber\u00f6ras under helgen.<\/p>\n<p class=\"_textTheme_4io5p_1 _paragraph_16k26_4 _paragraph_3ue4t_27 layout-component layout-normal layout-padded body-medium\">Exakt hur stora regnm\u00e4ngder det blir \u00e4r fortfarande os\u00e4kert, men framf\u00f6r allt i s\u00f6dra Sverige finns anledning att h\u00e5lla koll p\u00e5 prognosen.<\/p>\n<p class=\"_textTheme_4io5p_1 _paragraph_16k26_4 _paragraph_3ue4t_27 layout-component layout-normal layout-padded body-medium\">\u2013 Det kan bli mycket regn under kort tid. Det \u00e4r ett ganska omfattande regnomr\u00e5de som kommer att r\u00f6ra sig upp fr\u00e5n s\u00f6der till norr och ber\u00f6ra de flesta under helgen.<\/p>\n<p> <img alt=\"\" class=\"_image_1jxax_84 layout-component layout-normal\" data-fullscreen- data-track-element-type=\"Article image fullscreen\" data-track-name=\"ImageFullscreen\" decoding=\"async\" loading=\"lazy\" height=\"3321\" itemprop=\"image\"  src=\"https:\/\/www.europesays.com\/se\/wp-content\/uploads\/2026\/08\/389c5bb6-429b-3058-9ad0-ea9c802ca5f9.jpeg\"  style=\"object-position:0% 0%\" width=\"5173\"\/> Foto: Johan Nilsson\/TTVisa mer     <\/p>\n","protected":false},"excerpt":{"rendered":"Snart \u00e4r sommaren \u00f6ver f\u00f6r den h\u00e4r g\u00e5ngen. Foto: Tomas Oneborg\/SvD\/TT \/ Svenska DagbladetVisa mer Sommaren g\u00f6r ett&hellip;\n","protected":false},"author":2,"featured_media":350774,"comment_status":"","ping_status":"","sticky":false,"template":"","format":"standard","meta":{"footnotes":"","_share_on_mastodon":"0"},"categories":[5],"tags":[22,23,26,27,17,21,24,25,28,29,15,16,18,34,31,33,32,30,19,20,693,23013],"class_list":["post-350773","post","type-post","status-publish","format-standard","has-post-thumbnail","category-rubriker","tag-breaking-news","tag-breakingnews","tag-featured-news","tag-featurednews","tag-headlines","tag-huvudnyheter","tag-latest-news","tag-latestnews","tag-main-news","tag-mainnews","tag-news","tag-nyheter","tag-rubriker","tag-se","tag-svenska","tag-sverige","tag-sweden","tag-swedish","tag-top-stories","tag-topstories","tag-vader","tag-vaderprognos"],"share_on_mastodon":{"url":"https:\/\/pubeurope.com\/@se\/117151472994597605","error":""},"_links":{"self":[{"href":"https:\/\/www.europesays.com\/se\/wp-json\/wp\/v2\/posts\/350773","targetHints":{"allow":["GET"]}}],"collection":[{"href":"https:\/\/www.europesays.com\/se\/wp-json\/wp\/v2\/posts"}],"about":[{"href":"https:\/\/www.europesays.com\/se\/wp-json\/wp\/v2\/types\/post"}],"author":[{"embeddable":true,"href":"https:\/\/www.europesays.com\/se\/wp-json\/wp\/v2\/users\/2"}],"replies":[{"embeddable":true,"href":"https:\/\/www.europesays.com\/se\/wp-json\/wp\/v2\/comments?post=350773"}],"version-history":[{"count":0,"href":"https:\/\/www.europesays.com\/se\/wp-json\/wp\/v2\/posts\/350773\/revisions"}],"wp:featuredmedia":[{"embeddable":true,"href":"https:\/\/www.europesays.com\/se\/wp-json\/wp\/v2\/media\/350774"}],"wp:attachment":[{"href":"https:\/\/www.europesays.com\/se\/wp-json\/wp\/v2\/media?parent=350773"}],"wp:term":[{"taxonomy":"category","embeddable":true,"href":"https:\/\/www.europesays.com\/se\/wp-json\/wp\/v2\/categories?post=350773"},{"taxonomy":"post_tag","embeddable":true,"href":"https:\/\/www.europesays.com\/se\/wp-json\/wp\/v2\/tags?post=350773"}],"curies":[{"name":"wp","href":"https:\/\/api.w.org\/{rel}","templated":true}]}}