{"id":350815,"date":"2026-08-24T17:15:16","date_gmt":"2026-08-24T17:15:16","guid":{"rendered":"https:\/\/www.europesays.com\/se\/350815\/"},"modified":"2026-08-24T17:15:16","modified_gmt":"2026-08-24T17:15:16","slug":"etappen-i-vuelta-a-espana-stalls-in-efter-hagelstorm","status":"publish","type":"post","link":"https:\/\/www.europesays.com\/se\/350815\/","title":{"rendered":"Etappen i Vuelta a Espa\u00f1a st\u00e4lls in efter hagelstorm"},"content":{"rendered":"<p>  <a class=\"_link_1lr5y_108\" href=\"https:\/\/aftonbladet.se\/av\/alexander-jonsson\" title=\"Alexander Jonsson\" rel=\"nofollow noopener\" target=\"_blank\"><img alt=\"Bild av Alexander Jonsson\" class=\"_image_1lr5y_85\" fetchpriority=\"low\" decoding=\"async\" itemprop=\"image\" loading=\"lazy\"  src=\"https:\/\/www.europesays.com\/se\/wp-content\/uploads\/2026\/08\/1787591714_996_1c3b889a-02c2-4870-b49a-c09d6332602f.png\"  width=\"480\"\/><\/a> <img alt=\"Cyklisterna tog skydd fr\u00e5n ov\u00e4dret.\" class=\"_image_1jxax_84 layout-component layout-wide\" data-fullscreen- data-track-element-type=\"Article image fullscreen\" data-track-name=\"ImageFullscreen\" fetchpriority=\"high\" decoding=\"sync\" loading=\"eager\" height=\"887\" itemprop=\"image\"  src=\"https:\/\/www.europesays.com\/se\/wp-content\/uploads\/2026\/08\/6902bf7e-c958-3354-9b0b-e8acde77a96e.png\"  style=\"object-position:0% 0%\" width=\"1707\"\/>Cyklisterna tog skydd fr\u00e5n ov\u00e4dret.  Foto: EurosportVisa mer<\/p>\n<p class=\"_textTheme_4io5p_1 _lead_16k26_2 _lead_3ue4t_18 layout-component layout-normal layout-padded _lead_o6m9k_5 _leadTheme_cypwp_1 body-large bold\">Den tredje etappen i Vuelta a Espa\u00f1a st\u00e4lls in. <\/p>\n<p class=\"_textTheme_4io5p_1 _lead_16k26_2 _lead_3ue4t_18 layout-component layout-normal layout-padded _lead_o6m9k_5 _leadTheme_cypwp_1 body-large bold\">Under m\u00e5ndagens lopp tvingades cyklisterna att bryta n\u00e4r en hagelstorm sk\u00f6ljde fram \u00f6ver banan. <\/p>\n<p class=\"_textTheme_4io5p_1 _lead_16k26_2 _lead_3ue4t_18 layout-component layout-normal layout-padded _lead_o6m9k_5 _leadTheme_cypwp_1 body-large bold\">\u2013 Det haglar s\u00e5 in i b\u00e4ngen, s\u00e4ger Eurosports kommentator Roberto Vacchi. <\/p>\n<p class=\"_textTheme_4io5p_1 _paragraph_16k26_4 _paragraph_3ue4t_27 layout-component layout-normal layout-padded body-medium\">Cyklisterna k\u00e4mpade l\u00e4nge och tappert i ett tungt regn. Men n\u00e4r regnet sedan blev till hagel med endast 15 kilometer kvar stannade flera och s\u00f6kte skydd vid byggnader intill banan. <\/p>\n<p class=\"_textTheme_4io5p_1 _paragraph_16k26_4 _paragraph_3ue4t_27 layout-component layout-normal layout-padded body-medium\">T\u00e4tklungan fortsatte en kort stund till innan ledaren Tadej Pogacar signalerade att det inte gick l\u00e4ngre. <\/p>\n<p class=\"_textTheme_4io5p_1 _paragraph_16k26_4 _paragraph_3ue4t_27 layout-component layout-normal layout-padded body-medium\">\u2013 De stannar h\u00e4r cyklisterna. Det haglar s\u00e5 in i b\u00e4ngen. Undra om inte alla kommer stanna, Det \u00e4r inga sm\u00e5 hagel. Det h\u00e4r \u00e4r en rysare. Man ser att Pogacar s\u00e4ger \u00e5t de andra att \u201dnu f\u00e5r vi faktiskt stanna h\u00e4r\u201d. Det h\u00e4r g\u00e5r inte, det funkar inte, s\u00e4ger Eurosports kommentator Roberto Vacchi. <\/p>\n<p> Ingen vinnare <\/p>\n<p class=\"_textTheme_4io5p_1 _paragraph_16k26_4 _paragraph_3ue4t_27 layout-component layout-normal layout-padded body-medium\">Efter att cyklisterna stannat valde arrang\u00f6ren att bryta etappen utan att r\u00e4kna in n\u00e5gra resultat till totalst\u00e4llningen. <\/p>\n<p class=\"_textTheme_4io5p_1 _paragraph_16k26_4 _paragraph_3ue4t_27 layout-component layout-normal layout-padded body-medium\">\u2013 F\u00f6r cyklisternas s\u00e4kerhet har etapp tre st\u00e4llts in p\u00e5 grund av hagel och stormar. Det blir ingen vinnare och ingen prisutdelning,<a href=\"https:\/\/x.com\/lavuelta\/status\/2091915146062967189\" class=\"_link_16k26_32\" rel=\"nofollow\"> skriver arrang\u00f6ren<\/a>.<\/p>\n<p> <img alt=\"\" class=\"_image_1jxax_84 layout-component layout-normal\" data-fullscreen- data-track-element-type=\"Article image fullscreen\" data-track-name=\"ImageFullscreen\" decoding=\"async\" loading=\"lazy\" height=\"904\" itemprop=\"image\"  src=\"https:\/\/www.europesays.com\/se\/wp-content\/uploads\/2026\/08\/08e2757d-6265-3e18-9627-d268b13b2229.png\"  style=\"object-position:0% 0%\" width=\"1792\"\/> Foto: EurosportVisa mer <br \/><img alt=\"\" class=\"_image_1jxax_84 layout-component layout-normal\" data-fullscreen- data-track-element-type=\"Article image fullscreen\" data-track-name=\"ImageFullscreen\" decoding=\"async\" loading=\"lazy\" height=\"692\" itemprop=\"image\"  src=\"https:\/\/www.europesays.com\/se\/wp-content\/uploads\/2026\/08\/712331eb-6c6d-3379-84cb-081136a0e0a8.png\"  style=\"object-position:0% 0%\" width=\"1200\"\/> Foto: EurosportVisa mer <\/p>\n<p class=\"_textTheme_4io5p_1 _paragraph_16k26_4 _paragraph_3ue4t_27 layout-component layout-normal layout-padded body-medium\">Men d\u00e5 loppet br\u00f6ts mitt i fick cyklisterna sakta rulla ner f\u00f6r backen de sista 15 kilometerna f\u00f6r att ta sig ner till sina team vid m\u00e5llinjen. <\/p>\n<p class=\"_textTheme_4io5p_1 _paragraph_16k26_4 _paragraph_3ue4t_27 layout-component layout-normal layout-padded body-medium\">D\u00e4r kunde de byta om till torra kl\u00e4der. <\/p>\n<p> \u201dHelvetet br\u00f6t l\u00f6s\u201d  <\/p>\n<p class=\"_textTheme_4io5p_1 _paragraph_16k26_4 _paragraph_3ue4t_27 layout-component layout-normal layout-padded body-medium\">Flera cyklister vek av fr\u00e5n banan f\u00f6r att s\u00f6ka skydd fr\u00e5n ov\u00e4dret. <\/p>\n<p class=\"_textTheme_4io5p_1 _paragraph_16k26_4 _paragraph_3ue4t_27 layout-component layout-normal layout-padded body-medium\">\u2013 Helvetet br\u00f6t l\u00f6s. Hagel, regn, vind, det var galet. Det \u00e4r fortfarande v\u00e4ldigt halt, s\u00e4ger nederl\u00e4ndska Eurosport-experten Jip van den Bos enligt <a href=\"https:\/\/www.dagbladet.no\/sport\/vuelta-etappe-stoppet-helvete-brot-los\/85055397\" class=\"_link_16k26_32\" rel=\"nofollow noopener\" target=\"_blank\">Dagbladet<\/a>. <\/p>\n<p class=\"_textTheme_4io5p_1 _paragraph_16k26_4 _paragraph_3ue4t_27 layout-component layout-normal layout-padded body-medium\">M\u00e5ndagens etapp gick i s\u00f6dra Frankrike fr\u00e5n Gruissan till Font Romeu. <\/p>\n<p class=\"_textTheme_4io5p_1 _paragraph_16k26_4 _paragraph_3ue4t_27 layout-component layout-normal layout-padded body-medium\">T\u00e4vlingen forts\u00e4tter under tisdagen med den fj\u00e4rde etappen i Andorra. <\/p>\n<p class=\"_textTheme_4io5p_1 _paragraph_16k26_4 _paragraph_3ue4t_27 layout-component layout-normal layout-padded body-medium\">Den slovenske stj\u00e4rnan Tadej Pogacar leder totalen nio sekunder f\u00f6re belgaren Wout van Aert. <\/p>\n<p> <img alt=\"\" class=\"_image_1jxax_84 layout-component layout-normal\" data-fullscreen- data-track-element-type=\"Article image fullscreen\" data-track-name=\"ImageFullscreen\" decoding=\"async\" loading=\"lazy\" height=\"1068\" itemprop=\"image\"  src=\"https:\/\/www.europesays.com\/se\/wp-content\/uploads\/2026\/08\/2602bbea-7f0b-3a10-b56a-12c4bbd5e617.png\"  style=\"object-position:0% 0%\" width=\"2351\"\/> Foto: EurosportVisa mer         <\/p>\n","protected":false},"excerpt":{"rendered":"Cyklisterna tog skydd fr\u00e5n ov\u00e4dret. Foto: EurosportVisa mer Den tredje etappen i Vuelta a Espa\u00f1a st\u00e4lls in. Under&hellip;\n","protected":false},"author":2,"featured_media":350816,"comment_status":"","ping_status":"","sticky":false,"template":"","format":"standard","meta":{"footnotes":"","_share_on_mastodon":"0"},"categories":[68],"tags":[11231,34,111,110,31,33,32,30,28114,39753],"class_list":["post-350815","post","type-post","status-publish","format-standard","has-post-thumbnail","category-sport","tag-cykel","tag-se","tag-sport","tag-sports","tag-svenska","tag-sverige","tag-sweden","tag-swedish","tag-tadej-pogacar","tag-vuelta-a-espana"],"share_on_mastodon":{"url":"https:\/\/pubeurope.com\/@se\/117151618638745754","error":""},"_links":{"self":[{"href":"https:\/\/www.europesays.com\/se\/wp-json\/wp\/v2\/posts\/350815","targetHints":{"allow":["GET"]}}],"collection":[{"href":"https:\/\/www.europesays.com\/se\/wp-json\/wp\/v2\/posts"}],"about":[{"href":"https:\/\/www.europesays.com\/se\/wp-json\/wp\/v2\/types\/post"}],"author":[{"embeddable":true,"href":"https:\/\/www.europesays.com\/se\/wp-json\/wp\/v2\/users\/2"}],"replies":[{"embeddable":true,"href":"https:\/\/www.europesays.com\/se\/wp-json\/wp\/v2\/comments?post=350815"}],"version-history":[{"count":0,"href":"https:\/\/www.europesays.com\/se\/wp-json\/wp\/v2\/posts\/350815\/revisions"}],"wp:featuredmedia":[{"embeddable":true,"href":"https:\/\/www.europesays.com\/se\/wp-json\/wp\/v2\/media\/350816"}],"wp:attachment":[{"href":"https:\/\/www.europesays.com\/se\/wp-json\/wp\/v2\/media?parent=350815"}],"wp:term":[{"taxonomy":"category","embeddable":true,"href":"https:\/\/www.europesays.com\/se\/wp-json\/wp\/v2\/categories?post=350815"},{"taxonomy":"post_tag","embeddable":true,"href":"https:\/\/www.europesays.com\/se\/wp-json\/wp\/v2\/tags?post=350815"}],"curies":[{"name":"wp","href":"https:\/\/api.w.org\/{rel}","templated":true}]}}