{"id":350921,"date":"2026-08-24T19:30:27","date_gmt":"2026-08-24T19:30:27","guid":{"rendered":"https:\/\/www.europesays.com\/se\/350921\/"},"modified":"2026-08-24T19:30:27","modified_gmt":"2026-08-24T19:30:27","slug":"svantesson-sagar-s-besked-om-bankskatten-oseriost","status":"publish","type":"post","link":"https:\/\/www.europesays.com\/se\/350921\/","title":{"rendered":"Svantesson s\u00e5gar S-besked om bankskatten: \u201dOseri\u00f6st\u201d"},"content":{"rendered":"<p>Socialdemokraterna har g\u00e5tt fr\u00e5n att f\u00f6resl\u00e5 en tillf\u00e4llig bankskatt p\u00e5 12,6 miljarder kronor i skuggbudgeten f\u00f6r 2026 till att hoppas slippa inf\u00f6ra den alls. Det anser finansminister Elisabeth Svantesson (M) \u00e4r oseri\u00f6st, skriver DI.<\/p>\n<p>\u2013 De vill inte s\u00e4ga hur de ska finansiera alla sina vall\u00f6ften, s\u00e4ger hon till tidningen och beskriver bankskatten som en av S viktigaste k\u00e4llor till finansiering.<\/p>\n<p>Tidigare under dagen sa S ekonomisk-politiske talesperson Mikael Damberg till DI att han hoppas att bankskatten inte ska beh\u00f6vas.<\/p>\n<p>Just nu uppl\u00e5st f\u00f6r alla<\/p>\n<p>Regeringen har s\u00e4nkt skatterna, bland annat i form av ett f\u00f6rst\u00e4rkt jobbskatteavdrag. F\u00f6r oppositionen kan C-krav p\u00e5 skattes\u00e4nkningar bli en  kn\u00e4ckfr\u00e5ga i framtida regeringsf\u00f6rhandlingar.<\/p>\n<p>L\u00e4s vidare med Omni Mer<\/p>\n<p>Omni \u00e4r politiskt obundna och oberoende. Vi str\u00e4var efter att ge fler perspektiv p\u00e5 nyheterna. Har du fr\u00e5gor eller synpunkter kring v\u00e5r rapportering? <a href=\"https:\/\/omni.se\/svantesson-sagar-s-besked-om-bankskatten-oseriost\/a\/mailto:redaktion@omni.se\" class=\"ArticleActions-module-scss-module__w9u9BG__contactLink\" rel=\"nofollow noopener\" target=\"_blank\">Kontakta redaktionen<\/a><\/p>\n","protected":false},"excerpt":{"rendered":"Socialdemokraterna har g\u00e5tt fr\u00e5n att f\u00f6resl\u00e5 en tillf\u00e4llig bankskatt p\u00e5 12,6 miljarder kronor i skuggbudgeten f\u00f6r 2026 till&hellip;\n","protected":false},"author":2,"featured_media":350922,"comment_status":"","ping_status":"","sticky":false,"template":"","format":"standard","meta":{"footnotes":"","_share_on_mastodon":"0"},"categories":[5],"tags":[338,22,23,805,26,27,339,17,21,24,25,28,29,4709,551,15,16,369,18,34,848,1557,31,33,32,30,19,20,3416],"class_list":["post-350921","post","type-post","status-publish","format-standard","has-post-thumbnail","category-rubriker","tag-bank","tag-breaking-news","tag-breakingnews","tag-elisabeth-svantesson","tag-featured-news","tag-featurednews","tag-finans-forsakring","tag-headlines","tag-huvudnyheter","tag-latest-news","tag-latestnews","tag-main-news","tag-mainnews","tag-mikael-damberg","tag-moderaterna","tag-news","tag-nyheter","tag-politik","tag-rubriker","tag-se","tag-skattepolitik","tag-socialdemokraterna","tag-svenska","tag-sverige","tag-sweden","tag-swedish","tag-top-stories","tag-topstories","tag-valet-2026"],"share_on_mastodon":{"url":"https:\/\/pubeurope.com\/@se\/117152148730645434","error":""},"_links":{"self":[{"href":"https:\/\/www.europesays.com\/se\/wp-json\/wp\/v2\/posts\/350921","targetHints":{"allow":["GET"]}}],"collection":[{"href":"https:\/\/www.europesays.com\/se\/wp-json\/wp\/v2\/posts"}],"about":[{"href":"https:\/\/www.europesays.com\/se\/wp-json\/wp\/v2\/types\/post"}],"author":[{"embeddable":true,"href":"https:\/\/www.europesays.com\/se\/wp-json\/wp\/v2\/users\/2"}],"replies":[{"embeddable":true,"href":"https:\/\/www.europesays.com\/se\/wp-json\/wp\/v2\/comments?post=350921"}],"version-history":[{"count":0,"href":"https:\/\/www.europesays.com\/se\/wp-json\/wp\/v2\/posts\/350921\/revisions"}],"wp:featuredmedia":[{"embeddable":true,"href":"https:\/\/www.europesays.com\/se\/wp-json\/wp\/v2\/media\/350922"}],"wp:attachment":[{"href":"https:\/\/www.europesays.com\/se\/wp-json\/wp\/v2\/media?parent=350921"}],"wp:term":[{"taxonomy":"category","embeddable":true,"href":"https:\/\/www.europesays.com\/se\/wp-json\/wp\/v2\/categories?post=350921"},{"taxonomy":"post_tag","embeddable":true,"href":"https:\/\/www.europesays.com\/se\/wp-json\/wp\/v2\/tags?post=350921"}],"curies":[{"name":"wp","href":"https:\/\/api.w.org\/{rel}","templated":true}]}}