{"id":35096,"date":"2025-09-20T12:35:13","date_gmt":"2025-09-20T12:35:13","guid":{"rendered":"https:\/\/www.europesays.com\/se\/35096\/"},"modified":"2025-09-20T12:35:13","modified_gmt":"2025-09-20T12:35:13","slug":"vm-stjarnan-skjuten-i-rumpan-av-alkoholist-hemskt-friidrott","status":"publish","type":"post","link":"https:\/\/www.europesays.com\/se\/35096\/","title":{"rendered":"VM-stj\u00e4rnan skjuten i rumpan av alkoholist: \u201dHemskt\u201d | Friidrott"},"content":{"rendered":"<p>Caroline Bredlinger pekar p\u00e5 sin rumpa.<\/p>\n<p>\u2013 Det \u00e4r fruktansv\u00e4rt att bli skjuten. Vad kan man egentligen s\u00e4ga mer?<\/p>\n<p>\u00d6sterrikiskan har en historia som ingen annan under friidrotts-VM.<\/p>\n<p><img loading=\"lazy\"   alt=\"\"\/><\/p>\n<p>Bredlinger visar var hon blev skjuten som liten.<\/p>\n<p>Foto: Expressen<\/p>\n<p>\u00d6ppna bild i helsk\u00e4rm<img loading=\"lazy\"   alt=\"\"\/><\/p>\n<p>Caroline Bredlinger blev utslagen direkt p\u00e5 800 meter.<\/p>\n<p>Foto: Expressen<\/p>\n<p>\u00d6ppna bild i helsk\u00e4rm<img loading=\"lazy\"   alt=\"\"\/>\u00d6ppna bild i helsk\u00e4rm<\/p>\n<p>Nere i katakomberna under Olympiastadion f\u00e4ller Caroline Bredlinger ut en stol och b\u00e4nkar sig framf\u00f6r en av alla tv-apparater som st\u00e5r d\u00e4r. Hon har precis gjort VM-debut p\u00e5 800 meter och slutat femma i sitt heat p\u00e5 tiden 2.00,25.\u00a0<\/p>\n<p>Hoppet om en semifinalplats lever, men hon m\u00e5ste hoppas att hennes tid \u00e4r tillr\u00e4ckligt bra. Efter det femte heatet d\u00f6r den dr\u00f6mmen.\u00a0<\/p>\n<p>Bredlinger reser sig m\u00f6dosamt upp.\u00a0<\/p>\n<p>\u2013 V\u00e4ntan var fruktansv\u00e4rd. Jag k\u00e4nde: \u201dspring snabbare \u00e4n mig nu direkt eller g\u00f6r det inte alls\u201d, s\u00e4ger hon och sl\u00e5r ut med armarna.\u00a0<\/p>\n<p>\u2013 Det jobbiga \u00e4r att man bara f\u00e5r v\u00e4nta och man kan inte g\u00f6ra n\u00e5got \u00e5t det.\u00a0<\/p>\n<p><img loading=\"lazy\"   alt=\"\"\/><\/p>\n<p>Caroline Bredlinger v\u00e4ntar p\u00e5 tiderna i de andra heaten p\u00e5 800 meter p\u00e5 VM i Tokyo.<\/p>\n<p>Foto: Petter Land\u00e9n<\/p>\n<p>\u00d6ppna bild i helsk\u00e4rmCaroline, 24, skjuten i vansinnesd\u00e5d: \u201dFruktansv\u00e4rt\u201d<\/p>\n<p>Bredlinger ber\u00e4ttar hon k\u00e4nner en kombination av gl\u00e4dje och besvikelse \u00f6ver sin VM-debut.\u00a0<\/p>\n<p>\u2013 Jag gjorde mitt b\u00e4sta, men det r\u00e4ckte inte riktigt till, s\u00e4ger 24-\u00e5ringen.\u00a0<\/p>\n<p>Men bara det faktum att hon \u00e4r h\u00e4r p\u00e5 VM \u00e4r en otrolig bedrift i sig. F\u00f6r Bredlingers v\u00e4g till v\u00e4rldseliten liknar ingen annans. Som 13-\u00e5ring var hon ute f\u00f6r att fira halloween i hembyn Gro\u00dfh\u00f6flein med n\u00e5gra v\u00e4nner n\u00e4r hon fr\u00e5n ingenstans blev skjuten.\u00a0<\/p>\n<p>\u2013 Jag ska \u00e4rligt talat s\u00e4ga att jag har b\u00f6rjat gl\u00f6mma det mesta av den dagen&#8230; Jag minns egentligen bara v\u00e4ldigt mycket sm\u00e4rta, s\u00e4ger hon och ler snett.\u00a0<\/p>\n<p>\u2013 Det \u00e4r fruktansv\u00e4rt att bli skjuten. Vad kan man egentligen s\u00e4ga mer?<\/p>\n<p>En tid senare skulle det visa sig att Bredlinger f\u00f6ll offer f\u00f6r ett vansinnesd\u00e5d. En lokal man hade, kraftigt berusad, b\u00f6rjat skjuta p\u00e5 m\u00e5f\u00e5 med ett gev\u00e4r fr\u00e5n sin balkong. En av kulorna tr\u00e4ffade Bredlinger.\u00a0<\/p>\n<p>Hon pekar p\u00e5 sin v\u00e4nstra skinka.\u00a0<\/p>\n<p>\u2013 Exakt d\u00e4r tr\u00e4ffade kulan och allting av den sitter kvar. L\u00e4karna tog inte bort n\u00e5gonting av den.\u00a0<\/p>\n<p>Blev skjuten som barn \u2013 kulan sitter kvar i kroppen<\/p>\n<p>L\u00e4karna var r\u00e4dda att en operation riskerade att skada nerverna i Bredlingers ben mer och valde d\u00e4rf\u00f6r att l\u00e5ta kulfragmenten sitta kvar i hennes kropp. N\u00e5got som p\u00e5verkar den unga \u00f6sterrikiskan i b\u00e5da vardagen och som idrottare.\u00a0<\/p>\n<p>\u2013 Jag \u00e4r svagare i mitt v\u00e4nstra ben \u00e4n vad jag \u00e4r i mitt h\u00f6gra, vilket jag k\u00e4mpar med. F\u00f6r det k\u00e4nns v\u00e4ldigt mycket. Jag k\u00e4nner ofta sm\u00e4rta i benet och rumpan, inte minst n\u00e4r jag beh\u00f6ver sitta mycket.\u00a0<\/p>\n<p>Annons<\/p>\n<p>Bredlinger skrattar n\u00e4stan uppgivet.\u00a0<\/p>\n<p>\u2013 Flyget hit var fruktansv\u00e4rt, f\u00f6r d\u00e5 beh\u00f6ver man sitta l\u00e4nge. Jag sitter ju p\u00e5 kulan som \u00e4r l\u00e5st i min kropp, s\u00e4ger hon.\u00a0<\/p>\n<p>\u2013 Men man l\u00e4r sig leva med det.\u00a0<\/p>\n<p>Trots allt hon g\u00e5tt igenom f\u00f6rsvann aldrig dr\u00f6mmen om att f\u00e5 t\u00e4vla p\u00e5 VM. Nu har hon uppn\u00e5tt den dr\u00f6mmen.\u00a0<\/p>\n<p>\u2013 N\u00e4r jag t\u00e4nker p\u00e5 att jag blev skjuten som barn och \u00e4nd\u00e5 tog mig hit blir jag v\u00e4ldigt stolt och jag b\u00f6rjar n\u00e4stan gr\u00e5ta, s\u00e4ger hon.\u00a0<\/p>\n<p>Men samtidigt k\u00e4nner hon att det finns nya dr\u00f6mmar att uppn\u00e5. Det blev inte n\u00e5gon semifinal den h\u00e4r g\u00e5ngen, det \u00e4r minst det hon vill uppn\u00e5 h\u00e4rn\u00e4st.\u00a0<\/p>\n<p>\u2013 F\u00f6r \u00e4ven om jag \u00e4r stolt \u00f6ver att jag tagit mig hit \u00e4r jag ocks\u00e5 bara en idrottare som vill ta mig s\u00e5 l\u00e5ngt jag bara kan och g\u00f6ra mitt b\u00e4sta. N\u00e4r jag inte g\u00f6r det, d\u00e5 \u00e4r jag inte glad.\u00a0<\/p>\n","protected":false},"excerpt":{"rendered":"Caroline Bredlinger pekar p\u00e5 sin rumpa. \u2013 Det \u00e4r fruktansv\u00e4rt att bli skjuten. Vad kan man egentligen s\u00e4ga&hellip;\n","protected":false},"author":2,"featured_media":35097,"comment_status":"","ping_status":"","sticky":false,"template":"","format":"standard","meta":{"footnotes":""},"categories":[5],"tags":[22,23,26,27,17,21,24,25,28,29,15,3229,16,2014,18,34,811,31,33,32,30,19,20],"class_list":{"0":"post-35096","1":"post","2":"type-post","3":"status-publish","4":"format-standard","5":"has-post-thumbnail","7":"category-rubriker","8":"tag-breaking-news","9":"tag-breakingnews","10":"tag-featured-news","11":"tag-featurednews","12":"tag-headlines","13":"tag-huvudnyheter","14":"tag-latest-news","15":"tag-latestnews","16":"tag-main-news","17":"tag-mainnews","18":"tag-news","19":"tag-newsstory-friidrotts-vm-2025","20":"tag-nyheter","21":"tag-organization-friidrotts-vm","22":"tag-rubriker","23":"tag-se","24":"tag-sections-friidrott","25":"tag-svenska","26":"tag-sverige","27":"tag-sweden","28":"tag-swedish","29":"tag-top-stories","30":"tag-topstories"},"share_on_mastodon":{"url":"","error":""},"_links":{"self":[{"href":"https:\/\/www.europesays.com\/se\/wp-json\/wp\/v2\/posts\/35096","targetHints":{"allow":["GET"]}}],"collection":[{"href":"https:\/\/www.europesays.com\/se\/wp-json\/wp\/v2\/posts"}],"about":[{"href":"https:\/\/www.europesays.com\/se\/wp-json\/wp\/v2\/types\/post"}],"author":[{"embeddable":true,"href":"https:\/\/www.europesays.com\/se\/wp-json\/wp\/v2\/users\/2"}],"replies":[{"embeddable":true,"href":"https:\/\/www.europesays.com\/se\/wp-json\/wp\/v2\/comments?post=35096"}],"version-history":[{"count":0,"href":"https:\/\/www.europesays.com\/se\/wp-json\/wp\/v2\/posts\/35096\/revisions"}],"wp:featuredmedia":[{"embeddable":true,"href":"https:\/\/www.europesays.com\/se\/wp-json\/wp\/v2\/media\/35097"}],"wp:attachment":[{"href":"https:\/\/www.europesays.com\/se\/wp-json\/wp\/v2\/media?parent=35096"}],"wp:term":[{"taxonomy":"category","embeddable":true,"href":"https:\/\/www.europesays.com\/se\/wp-json\/wp\/v2\/categories?post=35096"},{"taxonomy":"post_tag","embeddable":true,"href":"https:\/\/www.europesays.com\/se\/wp-json\/wp\/v2\/tags?post=35096"}],"curies":[{"name":"wp","href":"https:\/\/api.w.org\/{rel}","templated":true}]}}