{"id":351047,"date":"2026-08-24T22:29:19","date_gmt":"2026-08-24T22:29:19","guid":{"rendered":"https:\/\/www.europesays.com\/se\/351047\/"},"modified":"2026-08-24T22:29:19","modified_gmt":"2026-08-24T22:29:19","slug":"analys-rydstroms-matchplan-fick-bajen-och-victor-lind-att-se-masterliga-ut","status":"publish","type":"post","link":"https:\/\/www.europesays.com\/se\/351047\/","title":{"rendered":"ANALYS: Rydstr\u00f6ms matchplan fick Bajen och Victor Lind att se m\u00e4sterliga ut"},"content":{"rendered":"<p>                                <img loading=\"lazy\" width=\"1000\" height=\"650\" src=\"https:\/\/www.europesays.com\/se\/wp-content\/uploads\/2026\/08\/BB260823KJ025-e1787575010498.jpg\" class=\"attachment-full size-full wp-post-image\" alt=\"ANALYS: Rydstr\u00f6ms matchplan fick Bajen och Victor Lind att se m\u00e4sterliga ut\" title=\"\" decoding=\"async\"  \/>                            <\/p>\n<p><strong>Med fokus p\u00e5 f\u00f6rsvarsspelet har Henrik Rydstr\u00f6m skapat allsvenskans just nu b\u00e4sta lag.<\/strong><\/p>\n<p><strong>D\u00e4rtill har Victor Lind v\u00e4xt ut till en version 2.0 av sig sj\u00e4lv och \u00e4r seriens klarast lysande stj\u00e4rna.<\/strong><\/p>\n<p><strong>Anders Lindberg har analyserat Hammarbys f\u00f6r\u00e4ndring som ser ut att skapa nytt liv i guldstriden.<\/strong><\/p>\n<p>  Redan prenumerant? <a href=\"https:\/\/fotbollsthlm.se\/login\/\" style=\"color:blue;\" rel=\"nofollow noopener\" target=\"_blank\">Logga in<\/a> f\u00f6r att l\u00e4sa.<\/p>\n<p>Eller bli <a href=\"https:\/\/fotbollsthlm.se\/plus\/\" style=\"color:blue;\" rel=\"nofollow noopener\" target=\"_blank\">Prenumerant<\/a> &#13;\n    <\/p>\n<p>\u2022 Tillg\u00e5ng till allt material p\u00e5 Fotboll Sthlm <br \/>&#13;<br \/>\n\u2022 L\u00f6pande prenumeration, utan bindningstid <br \/>&#13;<br \/>\n\u2022 99 kronor f\u00f6r 30 dagar&#13;\n    <\/p>\n<p>                                <a href=\"https:\/\/fotbollsthlm.se\/tag\/hammarby\/\" rel=\"tag nofollow noopener\" target=\"_blank\">Hammarby<\/a>, <a href=\"https:\/\/fotbollsthlm.se\/tag\/plus\/\" rel=\"tag nofollow noopener\" target=\"_blank\">Plus<\/a>                            <\/p>\n","protected":false},"excerpt":{"rendered":"Med fokus p\u00e5 f\u00f6rsvarsspelet har Henrik Rydstr\u00f6m skapat allsvenskans just nu b\u00e4sta lag. D\u00e4rtill har Victor Lind v\u00e4xt&hellip;\n","protected":false},"author":2,"featured_media":351048,"comment_status":"","ping_status":"","sticky":false,"template":"","format":"standard","meta":{"footnotes":"","_share_on_mastodon":"0"},"categories":[68],"tags":[3712,9471,34,111,110,31,33,32,30],"class_list":["post-351047","post","type-post","status-publish","format-standard","has-post-thumbnail","category-sport","tag-hammarby","tag-plus","tag-se","tag-sport","tag-sports","tag-svenska","tag-sverige","tag-sweden","tag-swedish"],"share_on_mastodon":{"url":"https:\/\/pubeurope.com\/@se\/117152852955582704","error":""},"_links":{"self":[{"href":"https:\/\/www.europesays.com\/se\/wp-json\/wp\/v2\/posts\/351047","targetHints":{"allow":["GET"]}}],"collection":[{"href":"https:\/\/www.europesays.com\/se\/wp-json\/wp\/v2\/posts"}],"about":[{"href":"https:\/\/www.europesays.com\/se\/wp-json\/wp\/v2\/types\/post"}],"author":[{"embeddable":true,"href":"https:\/\/www.europesays.com\/se\/wp-json\/wp\/v2\/users\/2"}],"replies":[{"embeddable":true,"href":"https:\/\/www.europesays.com\/se\/wp-json\/wp\/v2\/comments?post=351047"}],"version-history":[{"count":0,"href":"https:\/\/www.europesays.com\/se\/wp-json\/wp\/v2\/posts\/351047\/revisions"}],"wp:featuredmedia":[{"embeddable":true,"href":"https:\/\/www.europesays.com\/se\/wp-json\/wp\/v2\/media\/351048"}],"wp:attachment":[{"href":"https:\/\/www.europesays.com\/se\/wp-json\/wp\/v2\/media?parent=351047"}],"wp:term":[{"taxonomy":"category","embeddable":true,"href":"https:\/\/www.europesays.com\/se\/wp-json\/wp\/v2\/categories?post=351047"},{"taxonomy":"post_tag","embeddable":true,"href":"https:\/\/www.europesays.com\/se\/wp-json\/wp\/v2\/tags?post=351047"}],"curies":[{"name":"wp","href":"https:\/\/api.w.org\/{rel}","templated":true}]}}