{"id":35105,"date":"2025-09-20T12:54:07","date_gmt":"2025-09-20T12:54:07","guid":{"rendered":"https:\/\/www.europesays.com\/se\/35105\/"},"modified":"2025-09-20T12:54:07","modified_gmt":"2025-09-20T12:54:07","slug":"recension-dokumentaren-om-prinsessan-martha-louise-och-schamanen-durek-verrett-far-norrmannen-att-rasa-kultur","status":"publish","type":"post","link":"https:\/\/www.europesays.com\/se\/35105\/","title":{"rendered":"Recension: Dokument\u00e4ren om prinsessan M\u00e4rtha Louise och schamanen Durek Verrett f\u00e5r norrm\u00e4nnen att rasa | Kultur"},"content":{"rendered":"<p class=\"aw-1gybjub aw-5vja16 cmIuaG zKETg yle__article__paragraph\">Skvaller och rasism! Netflix-dokument\u00e4ren om norska prinsessan M\u00e4rtha Louise och hennes man v\u00e4cker starka reaktioner, men \u00e4r det h\u00e4r r\u00e4tt s\u00e4tt f\u00f6r prinsessparet att tala ut?<\/p>\n<p><img decoding=\"async\" alt=\"Durek Verrett i svart kostym sitter bredvid M\u00e4rtha Louise i en vit br\u00f6llopskl\u00e4nning, i bakgrunden syns en massa br\u00f6llopsg\u00e4ster.\" src=\"https:\/\/www.europesays.com\/se\/wp-content\/uploads\/2025\/09\/39-152576968ccf2b5dc7ee.jpeg\" class=\"aw-1l9m598 hKVVvP\"\/><\/p>\n<p>\u00d6ppna bildvisare<\/p>\n<p>Intresset f\u00f6r prinsessan M\u00e4rtha Louise och schamanen Durek Verrett har varit enormt \u00e4nda sedan det meddelade att de \u00e4r ett par. Bild: Courtesy of Netflix<img decoding=\"async\" alt=\"Johanna Gr\u00f6nqvist\" src=\"https:\/\/www.europesays.com\/se\/wp-content\/uploads\/2025\/09\/14-svyle-18666553eb552b60e07.jpeg\" class=\"aw-1l9m598 hKVVvP\"\/>Lyssna (du h\u00f6r en artificiell r\u00f6st) 4:44<\/p>\n<p class=\"aw-1gybjub aw-1p7kakr cmIuaG fmSRng yle__article__paragraph\">Det \u00e4r klart att den norska prinsessan <strong class=\"aw-ak79eh KyCXm yle__article__strong\">M\u00e4rtha Louise<\/strong> och hennes man, schamanen <strong class=\"aw-ak79eh KyCXm yle__article__strong\">Durek Verrett<\/strong>, har ett behov av att ber\u00e4tta sin historia och f\u00e5 fram sin syn p\u00e5 saker och ting.<\/p>\n<p class=\"aw-1gybjub aw-1p7kakr cmIuaG fmSRng yle__article__paragraph\">Intresset f\u00f6r deras k\u00e4rlekshistoria har n\u00e4mligen varit massivt och det \u00e4r l\u00e4tt att f\u00f6rst\u00e5.<\/p>\n<p class=\"aw-1gybjub aw-1p7kakr cmIuaG fmSRng yle__article__paragraph\">H\u00e4r har vi en norsk prinsessa som f\u00f6r\u00e4lskar sig i en k\u00e4ndis-schaman fr\u00e5n USA.<\/p>\n<p class=\"aw-1gybjub aw-1p7kakr cmIuaG fmSRng yle__article__paragraph\">Men fr\u00e5gan \u00e4r om en medverkan i Netflixdokument\u00e4ren Rebel Royals: An Unlikely Love Story \u00e4r det smartaste draget?<\/p>\n<p>Spirituell och finansiell koppling<\/p>\n<p class=\"aw-1gybjub aw-1p7kakr cmIuaG fmSRng yle__article__paragraph\">Durek Verrett \u00e4r en sj\u00e4lvutn\u00e4mnd schaman och alternativterapeut som av allt att d\u00f6ma haft framg\u00e5ng med sina seanser.<\/p>\n<p class=\"aw-1gybjub aw-1p7kakr cmIuaG fmSRng yle__article__paragraph\">I dokument\u00e4ren ser vi honom tillsammans med en rad Hollywood-stj\u00e4rnor, bland annat <strong class=\"aw-ak79eh KyCXm yle__article__strong\">Gwyneth Paltrow<\/strong>.<\/p>\n<p class=\"aw-1gybjub aw-1p7kakr cmIuaG fmSRng yle__article__paragraph\">Prinsessan M\u00e4rtha f\u00f6r sin del har ber\u00e4ttat att hon \u00e4r h\u00f6gk\u00e4nslig och kan prata med \u00e4nglar. \u00c5r 2007 startade hon ocks\u00e5 kurser d\u00e4r hon l\u00e4rde ut hur man kommer i kontakt med \u00e4nglar.<\/p>\n<p class=\"aw-1gybjub aw-1p7kakr cmIuaG fmSRng yle__article__paragraph\">Verrett har skapat rubriker med sin business, speciellt d\u00e5 han under pandemin s\u00e5lde medaljonger som han p\u00e5stod hj\u00e4lpte mot Covid.<\/p>\n<p><img decoding=\"async\" alt=\"M\u00e4rtha Louise och Durek Verrett sitter p\u00e5 en soffa med benen i kors och \u00f6gonen slutna och mediterar.\" src=\"https:\/\/www.europesays.com\/se\/wp-content\/uploads\/2025\/09\/39-152577068ccf33806e67.jpeg\" loading=\"lazy\" class=\"aw-1l9m598 hKVVvP\"\/><\/p>\n<p>\u00d6ppna bildvisare<\/p>\n<p>\u201dOch s\u00e5 drar alla ett djupt andetag\u201d \u2013 Durek Verrett h\u00e5ller en meditations\u00f6vning tillsammans med M\u00e4rtha Louise. Bild: Courtesy of Netflix<\/p>\n<p class=\"aw-1gybjub aw-1p7kakr cmIuaG fmSRng yle__article__paragraph\">Men dokument\u00e4ren st\u00e4ller aldrig n\u00e5gra kritiska fr\u00e5gor under de intervjuer man gjort med dem.<\/p>\n<p class=\"aw-1gybjub aw-1p7kakr cmIuaG fmSRng yle__article__paragraph\">Ist\u00e4llet kryddar man med intervjuer av norska journalister, som st\u00e4ller en del kritiska fr\u00e5gor, som tyv\u00e4rr mestadels bara blir h\u00e4ngande i luften.<\/p>\n<p class=\"aw-1gybjub aw-1p7kakr cmIuaG fmSRng yle__article__paragraph\">Resten av dokument\u00e4ren best\u00e5r sedan av snabba klipp d\u00e4r man under ett \u00e5r f\u00f6ljer M\u00e4rtha Louise och Durek p\u00e5 fester, m\u00f6ten, seanser och fyller p\u00e5 med inklippta bilder av skandalrubriker och p\u00e5hopp p\u00e5 sociala medier.<\/p>\n<p class=\"aw-1gybjub aw-1p7kakr cmIuaG fmSRng yle__article__paragraph\">En stor del av dokument\u00e4ren best\u00e5r ocks\u00e5 av f\u00f6rberedelserna inf\u00f6r deras br\u00f6llop.<\/p>\n<p>Skvaller och rasismbeskyllningar<\/p>\n<p class=\"aw-1gybjub aw-1p7kakr cmIuaG fmSRng yle__article__paragraph\">Rebel Royals \u00e4r gjord f\u00f6r en publik som \u00e4lskar skvaller och kanske i synnerhet f\u00f6r en amerikansk publik som \u00e4lskar skildringar av kungahus, underf\u00f6rst\u00e5tt kungligheter som \u00e4r lite gammaldags och lever i en egen v\u00e4rld.<\/p>\n<p class=\"aw-1gybjub aw-1p7kakr cmIuaG fmSRng yle__article__paragraph\">M\u00e4rtha och Verrett framst\u00e4lls som motsatsen: det moderna, frigjorda paret som g\u00f6r saker och ting annorlunda men st\u00f6ter p\u00e5 motst\u00e5nd. Parallellerna till prins <strong class=\"aw-ak79eh KyCXm yle__article__strong\">Harry<\/strong> och <strong class=\"aw-ak79eh KyCXm yle__article__strong\">Meghan<\/strong> \u00e4r inte l\u00e5ngs\u00f6kta.<\/p>\n<p class=\"aw-1gybjub aw-1p7kakr cmIuaG fmSRng yle__article__paragraph\">Det som skapat mest rubriker \u00e4r Verretts m\u00e5lande beskrivningar av det f\u00f6rsta m\u00f6tet med M\u00e4rthas f\u00f6r\u00e4ldrar, kung <strong class=\"aw-ak79eh KyCXm yle__article__strong\">Harald<\/strong> och drottning <strong class=\"aw-ak79eh KyCXm yle__article__strong\">Sonja<\/strong>.<\/p>\n<p class=\"aw-1gybjub aw-1p7kakr cmIuaG fmSRng yle__article__paragraph\">Hur de bara stirrade p\u00e5 honom. Och tyckte att hans kl\u00e4dsel var helt fel.<\/p>\n<p><img decoding=\"async\" alt=\"Durek Verrett i en f\u00e4rggrann kostym sitter p\u00e5 en stol och ger en intervju, i bakgrunden syns en slottsliknande milj\u00f6.\" src=\"https:\/\/www.europesays.com\/se\/wp-content\/uploads\/2025\/09\/39-152578568ccf995de0ef.jpeg\" loading=\"lazy\" class=\"aw-1l9m598 hKVVvP\"\/><\/p>\n<p>\u00d6ppna bildvisare<\/p>\n<p>Allt var fel d\u00e5 jag m\u00f6tte kungaparet, Durek Verrett l\u00e4gger ut texten om det f\u00f6rsta m\u00f6tet. Bild: Courtesy of Netflix<\/p>\n<p class=\"aw-1gybjub aw-1p7kakr cmIuaG fmSRng yle__article__paragraph\">Till saken h\u00f6r att varken kungen eller drottningen \u00e4r med i dokument\u00e4ren, vi ser bara ett foto av dem d\u00e4r de ser bistra ut.<\/p>\n<p class=\"aw-1gybjub aw-1p7kakr cmIuaG fmSRng yle__article__paragraph\">Sedan forts\u00e4tter Verrett att ber\u00e4tta hur han m\u00e5ste l\u00e4ra dem vad rasism \u00e4r. Och att de inte f\u00f6rstod hur h\u00e5rd kritik han m\u00f6tte i medier och p\u00e5 olika sociala plattformar.<\/p>\n<p class=\"aw-1gybjub aw-1p7kakr cmIuaG fmSRng yle__article__paragraph\">Visst f\u00e5r vi veta att kung Harald sedan till sist gick ut och f\u00f6rd\u00f6mde p\u00e5hoppen p\u00e5 Verrett. Och visst deltog kungaparet i br\u00f6llopet.<\/p>\n<p class=\"aw-1gybjub aw-1p7kakr cmIuaG fmSRng yle__article__paragraph\">Verretts beskyllningar \u00e4r \u00e4nd\u00e5 h\u00e5rda.<\/p>\n<p>F\u00f6rlorar M\u00e4rtha sin titel?<\/p>\n<p class=\"aw-1gybjub aw-1p7kakr cmIuaG fmSRng yle__article__paragraph\">Det \u00e4r inte l\u00e4tt att vara kunglig, det \u00e4r M\u00e4rtha v\u00e4ldigt tydlig med d\u00e5 hon ber\u00e4ttar om sin uppv\u00e4xt, hur obekv\u00e4m hon var i rampljuset och hur illa ber\u00f6rd hon blivit d\u00e5 medierna ocks\u00e5 kastat sig \u00f6ver dem som st\u00e5r henne n\u00e4ra.<\/p>\n<p class=\"aw-1gybjub aw-1p7kakr cmIuaG fmSRng yle__article__paragraph\">Men dokument\u00e4ren visar ocks\u00e5 att det kanske \u00e4r \u00e4nnu sv\u00e5rare att l\u00e4mna ett kungahus.<\/p>\n<p class=\"aw-1gybjub aw-1p7kakr cmIuaG fmSRng yle__article__paragraph\">F\u00f6r att minska turbulensen kring prinsessan och hennes schaman och kopplingen till kungahuset meddelade M\u00e4rtha 2022 att hon inte l\u00e4ngre kommer att vara en del av det norska kungahuset.<\/p>\n<p class=\"aw-1gybjub aw-1p7kakr cmIuaG fmSRng yle__article__paragraph\">Det \u00e4r kanske ocks\u00e5 en av orsakerna till att paret s\u00e5lde bilderna fr\u00e5n deras br\u00f6llop till skvallerpressen. Och att de st\u00e4ller upp och g\u00f6r en dokument\u00e4r p\u00e5 Netflix.<\/p>\n<p><img decoding=\"async\" alt=\"Durek Verrett i svart kostym sitter bredvid M\u00e4rtha Louise i en vit br\u00f6llopskl\u00e4nning, i bakgrunden syns en massa br\u00f6llopsg\u00e4ster.\" src=\"https:\/\/www.europesays.com\/se\/wp-content\/uploads\/2025\/09\/39-152576968ccf2b5dc7ee.jpeg\" loading=\"lazy\" class=\"aw-1l9m598 hKVVvP\"\/><\/p>\n<p>\u00d6ppna bildvisare<\/p>\n<p>Durek Verrett f\u00e5r det kungliga br\u00f6llop han vill ha, medan M\u00e4rtha avsl\u00f6jar att hon hade kunnat ha en liten privat ceremoni. Bild: Courtesy of Netflix<\/p>\n<p class=\"aw-1gybjub aw-1p7kakr cmIuaG fmSRng yle__article__paragraph\">Men att stiga ut ur kungahuset betyder ocks\u00e5 att M\u00e4rtha inte f\u00e5r anv\u00e4nda sin kungliga titel i kommersiella sammanhang. Vilket hon g\u00f6r i den h\u00e4r dokument\u00e4ren.<\/p>\n<p class=\"aw-1gybjub aw-1p7kakr cmIuaG fmSRng yle__article__paragraph\">Och kritiken har inte l\u00e5tit v\u00e4nta p\u00e5 sig.<\/p>\n<p class=\"aw-1gybjub aw-1p7kakr cmIuaG fmSRng yle__article__paragraph\">M\u00e5nga norrm\u00e4n \u00e4r arga p\u00e5 hur paret uttalar sig i dokument\u00e4ren, och endel kr\u00e4ver att M\u00e4rtha Louise ska bli av med sin prinsesstitel helt och h\u00e5llet.<\/p>\n<p class=\"aw-1gybjub aw-1p7kakr cmIuaG fmSRng yle__article__paragraph\">Kungahuset har meddelat att de ser dokument\u00e4ren<a class=\"aw-iao6s4 iHOxEa yle__article__link\" href=\"https:\/\/www.vg.no\/rampelys\/i\/LM2RKR\/slottet-brudd-paa-avtalen\" role=\"link\" rel=\"nofollow noopener\" target=\"_blank\"> som ett brott mot det avtal som gjordes 2022<\/a>, enligt den norska tidningen Verdens Gang.<\/p>\n<p class=\"aw-1gybjub aw-1p7kakr cmIuaG fmSRng yle__article__paragraph\">M\u00e4rtha och Verrett p\u00e5st\u00e5r att de inte haft kontroll \u00f6ver hur dokument\u00e4ren klippts ihop. Och po\u00e4ngterar att dokument\u00e4ren \u00e4r regiss\u00f6ren <strong class=\"aw-ak79eh KyCXm yle__article__strong\">Rebecca Chaiklin<\/strong> syn p\u00e5 historien, hon \u00e4r k\u00e4nd f\u00f6r bland annat dokument\u00e4ren Tiger Kings.<\/p>\n<p class=\"aw-1gybjub aw-1p7kakr cmIuaG fmSRng yle__article__paragraph\">M\u00e4rtha och Verrett verkar ocks\u00e5 nu sj\u00e4lva ha <a class=\"aw-iao6s4 iHOxEa yle__article__link\" href=\"https:\/\/www.vg.no\/rampelys\/i\/pP38ER\/prinsesse-martha-louise-og-durek-verrett-om-netflix-dokumentaren-rebel-royals-erkjenner-alvoret-i-denne-situasjonen\" role=\"link\" rel=\"nofollow noopener\" target=\"_blank\">insett allvaret<\/a> och har bland annat sagt att det finns saker som de skulle \u00f6nska att de hanterat annorlunda. Och att de ska uppr\u00e4tth\u00e5lla avtalet fram\u00f6ver.<\/p>\n","protected":false},"excerpt":{"rendered":"Skvaller och rasism! Netflix-dokument\u00e4ren om norska prinsessan M\u00e4rtha Louise och hennes man v\u00e4cker starka reaktioner, men \u00e4r det&hellip;\n","protected":false},"author":2,"featured_media":35106,"comment_status":"","ping_status":"","sticky":false,"template":"","format":"standard","meta":{"footnotes":""},"categories":[67],"tags":[3780,3775,104,3779,194,3777,3115,3774,3778,3781,901,3776,34,31,33,32,30,105,195],"class_list":{"0":"post-35105","1":"post","2":"type-post","3":"status-publish","4":"format-standard","5":"has-post-thumbnail","7":"category-underhallning","8":"tag-dokumentar","9":"tag-durek-verrett","10":"tag-entertainment","11":"tag-karlek","12":"tag-kultur","13":"tag-kungahus","14":"tag-kungligheter","15":"tag-prinsessan-martha-louise-av-norge","16":"tag-rasism","17":"tag-rebecca-chaiklin","18":"tag-recensioner","19":"tag-schamaner","20":"tag-se","21":"tag-svenska","22":"tag-sverige","23":"tag-sweden","24":"tag-swedish","25":"tag-underhallning","26":"tag-yle-kultur"},"share_on_mastodon":{"url":"","error":""},"_links":{"self":[{"href":"https:\/\/www.europesays.com\/se\/wp-json\/wp\/v2\/posts\/35105","targetHints":{"allow":["GET"]}}],"collection":[{"href":"https:\/\/www.europesays.com\/se\/wp-json\/wp\/v2\/posts"}],"about":[{"href":"https:\/\/www.europesays.com\/se\/wp-json\/wp\/v2\/types\/post"}],"author":[{"embeddable":true,"href":"https:\/\/www.europesays.com\/se\/wp-json\/wp\/v2\/users\/2"}],"replies":[{"embeddable":true,"href":"https:\/\/www.europesays.com\/se\/wp-json\/wp\/v2\/comments?post=35105"}],"version-history":[{"count":0,"href":"https:\/\/www.europesays.com\/se\/wp-json\/wp\/v2\/posts\/35105\/revisions"}],"wp:featuredmedia":[{"embeddable":true,"href":"https:\/\/www.europesays.com\/se\/wp-json\/wp\/v2\/media\/35106"}],"wp:attachment":[{"href":"https:\/\/www.europesays.com\/se\/wp-json\/wp\/v2\/media?parent=35105"}],"wp:term":[{"taxonomy":"category","embeddable":true,"href":"https:\/\/www.europesays.com\/se\/wp-json\/wp\/v2\/categories?post=35105"},{"taxonomy":"post_tag","embeddable":true,"href":"https:\/\/www.europesays.com\/se\/wp-json\/wp\/v2\/tags?post=35105"}],"curies":[{"name":"wp","href":"https:\/\/api.w.org\/{rel}","templated":true}]}}