{"id":351153,"date":"2026-08-25T01:19:27","date_gmt":"2026-08-25T01:19:27","guid":{"rendered":"https:\/\/www.europesays.com\/se\/351153\/"},"modified":"2026-08-25T01:19:27","modified_gmt":"2026-08-25T01:19:27","slug":"lkps-styrelse-tillsatter-tillforordnad-vd-under-pagaende-extern-utredning","status":"publish","type":"post","link":"https:\/\/www.europesays.com\/se\/351153\/","title":{"rendered":"LKP:s styrelse tills\u00e4tter tillf\u00f6rordnad vd under p\u00e5g\u00e5ende extern utredning"},"content":{"rendered":"<p>\n          Pressmeddelande<br \/>\n \u2014<br \/>\n24 Augusti 2026 10:30<\/p>\n<p>    Dela<\/p>\n<p>\n          L\u00e4nk kopierad!\n        <\/p>\n<p>          <a class=\"ghost-btn-with-icon svg-stroke\" target=\"_blank\" rel=\"nofollow noopener\" aria-label=\"Ladda ned som PDF\" href=\"https:\/\/www.mynewsdesk.com\/se\/lund\/pressreleases\/lkp-s-styrelse-tillsaetter-tillfoerordnad-vd-under-paagaaende-extern-utredning-3462045.pdf\"><\/p>\n<p>            Ladda ner<br \/>\n<\/a>      <\/p>\n<p><strong>Lunds Kommuns Parkeringsbolags styrelse har beslutat att arbetsbefria vd Paul Myllenberg fr\u00e5n hans arbetsuppgifter under perioden 24 augusti-30 september. Beslutet har fattats i samband med att Lunds kommun inlett en extern utredning.<\/strong><\/p>\n<p>Den senaste tiden har uppgifter framkommit som v\u00e4cker fr\u00e5gor om rekryteringar och f\u00f6rh\u00e5llanden inom LKP. Lunds kommun ser allvarligt p\u00e5 uppgifterna och har best\u00e4llt en extern utredning f\u00f6r att f\u00e5 en faktabaserad bild av vad som har h\u00e4nt och om regler och rutiner har f\u00f6ljts.<\/p>\n<p>Styrelsen f\u00f6r LKP har nu beslutat att arbetsbefria bolagets vd Paul Myllenberg fr\u00e5n hans arbetsuppgifter under tiden som utredningen p\u00e5g\u00e5r. <\/p>\n<p>Therese F\u00e4llman, nuvarande avdelningschef f\u00f6r H\u00e5llbar tillv\u00e4xt i Lunds kommun, g\u00e5r in som tillf\u00f6rordnad vd. <\/p>\n<p>\u2013 Genom att tills\u00e4tta en tillf\u00f6rordnad vd s\u00e4kerst\u00e4ller vi den operativa ledningen av bolaget och skapar trygghet f\u00f6r v\u00e5ra medarbetare. Det \u00e4r ocks\u00e5 viktigt att den tillf\u00f6rordnade vd:n kan verka helt frist\u00e5ende fr\u00e5n den p\u00e5g\u00e5ende utredningen, vilket st\u00e4rker b\u00e5de utredningens oberoende och f\u00f6rtroendet f\u00f6r verksamheten, s\u00e4ger Mats Helmfrid (M), ordf\u00f6rande i styrelsen f\u00f6r LKP. <\/p>\n<p>\u2013 Som \u00e4gare tar Lunds kommun de uppgifter som framkommit p\u00e5 st\u00f6rsta allvar. Vi st\u00f6ttar styrelsen med de resurser som kr\u00e4vs f\u00f6r att klarl\u00e4gga fakta och ger styrelsen det underlag som beh\u00f6vs f\u00f6r att kunna ta ansvar f\u00f6r f\u00f6rvaltningen av bolaget, s\u00e4ger Christoffer Nilsson, kommundirekt\u00f6r och vd i Lunds R\u00e5dhus AB.  <\/p>\n<p>Utredningen genomf\u00f6rs av revisions- och r\u00e5dgivningsf\u00f6retaget PwC inom ramen f\u00f6r ett uppdrag fr\u00e5n Lunds R\u00e5dhus AB (LRAB), som \u00e4r ett hel\u00e4gt bolag till Lunds kommun och moderbolag i kommunkoncernen. <\/p>\n<p><strong>F\u00f6r mer information, kontakta<\/strong><\/p>\n<p><strong>Mats Helmfrid (M), <\/strong>ordf\u00f6rande i styrelsen f\u00f6r Lunds Kommuns Parkeringsbolag AB (LKP), tel: 046-359 45 20, e-post: <a target=\"_blank\" rel=\"nofollow noopener\">mats.helmfrid@lund.se<\/a><strong\/><\/p>\n<p><strong>Christoffer Nilsson, <\/strong>kommundirekt\u00f6r i Lunds kommun: 072-223 11 41, e-post: <a href=\"https:\/\/www.mynewsdesk.com\/se\/lund\/pressreleases\/mailto:christoffer.nilsson@lund.se\" target=\"_blank\" rel=\"nofollow noopener\">christoffer.nilsson@lund.se<\/a><strong\/><br \/><strong\/><strong><br \/><\/strong><\/p>\n","protected":false},"excerpt":{"rendered":"Pressmeddelande \u2014 24 Augusti 2026 10:30 Dela L\u00e4nk kopierad! Ladda ner Lunds Kommuns Parkeringsbolags styrelse har beslutat att&hellip;\n","protected":false},"author":2,"featured_media":351154,"comment_status":"","ping_status":"","sticky":false,"template":"","format":"standard","meta":{"footnotes":"","_share_on_mastodon":"0"},"categories":[12],"tags":[22,23,26,27,17,21,24,25,1596,28,29,15,16,18,34,31,33,32,30,19,20],"class_list":["post-351153","post","type-post","status-publish","format-standard","has-post-thumbnail","category-sverige","tag-breaking-news","tag-breakingnews","tag-featured-news","tag-featurednews","tag-headlines","tag-huvudnyheter","tag-latest-news","tag-latestnews","tag-lund","tag-main-news","tag-mainnews","tag-news","tag-nyheter","tag-rubriker","tag-se","tag-svenska","tag-sverige","tag-sweden","tag-swedish","tag-top-stories","tag-topstories"],"share_on_mastodon":{"url":"https:\/\/pubeurope.com\/@se\/117153521164797244","error":""},"_links":{"self":[{"href":"https:\/\/www.europesays.com\/se\/wp-json\/wp\/v2\/posts\/351153","targetHints":{"allow":["GET"]}}],"collection":[{"href":"https:\/\/www.europesays.com\/se\/wp-json\/wp\/v2\/posts"}],"about":[{"href":"https:\/\/www.europesays.com\/se\/wp-json\/wp\/v2\/types\/post"}],"author":[{"embeddable":true,"href":"https:\/\/www.europesays.com\/se\/wp-json\/wp\/v2\/users\/2"}],"replies":[{"embeddable":true,"href":"https:\/\/www.europesays.com\/se\/wp-json\/wp\/v2\/comments?post=351153"}],"version-history":[{"count":0,"href":"https:\/\/www.europesays.com\/se\/wp-json\/wp\/v2\/posts\/351153\/revisions"}],"wp:featuredmedia":[{"embeddable":true,"href":"https:\/\/www.europesays.com\/se\/wp-json\/wp\/v2\/media\/351154"}],"wp:attachment":[{"href":"https:\/\/www.europesays.com\/se\/wp-json\/wp\/v2\/media?parent=351153"}],"wp:term":[{"taxonomy":"category","embeddable":true,"href":"https:\/\/www.europesays.com\/se\/wp-json\/wp\/v2\/categories?post=351153"},{"taxonomy":"post_tag","embeddable":true,"href":"https:\/\/www.europesays.com\/se\/wp-json\/wp\/v2\/tags?post=351153"}],"curies":[{"name":"wp","href":"https:\/\/api.w.org\/{rel}","templated":true}]}}