{"id":351181,"date":"2026-08-25T01:59:07","date_gmt":"2026-08-25T01:59:07","guid":{"rendered":"https:\/\/www.europesays.com\/se\/351181\/"},"modified":"2026-08-25T01:59:07","modified_gmt":"2026-08-25T01:59:07","slug":"lenovo-lanserar-den-nya-thinkcentre-minidatorn-internationellt-med-32-gb-ram-och-intel-wildcat-lake","status":"publish","type":"post","link":"https:\/\/www.europesays.com\/se\/351181\/","title":{"rendered":"Lenovo lanserar den nya ThinkCentre-minidatorn internationellt med 32 GB RAM och Intel Wildcat Lake"},"content":{"rendered":"<p class=\"bodytext\">Bortsett fr\u00e5n det levereras den nya ThinkCentre Neo 50q med <a href=\"https:\/\/www.notebookcheck.se\/Intel-Wildcat-Lake-Core-5-320-Notebook-Processor.1284943.0.html\" target=\"_self\" rel=\"nofollow noopener\">Core 5 320<\/a> eller <a href=\"https:\/\/www.notebookcheck.se\/Intel-Wildcat-Lake-Core-7-350-Notebook-Processor.1284941.0.html\" target=\"_self\" rel=\"nofollow noopener\">Core 7 350<\/a> och 8 GB, 16 GB eller 32 GB DDR5-5600 SODIMM-RAM. Som referens skiljer endast 8 % <a href=\"https:\/\/www.notebookcheck.se\/Intel-Wildcat-Lake-Core-5-320-Notebook-Processor.1284943.0.html\" target=\"_self\" rel=\"nofollow noopener\">Core 5 320<\/a> fr\u00e5n <a href=\"https:\/\/www.notebookcheck.se\/Intel-Wildcat-Lake-Core-7-350-Notebook-Processor.1284941.0.html\" target=\"_self\" rel=\"nofollow noopener\">Core 7 350<\/a> i <a href=\"https:\/\/www.notebookcheck.net\/Core-7-350-vs-Core-5-320_21018_21022.247596.0.html\" class=\"\" data-htmlarea-external=\"1\" rtekeep=\"1\" rel=\"nofollow noopener\" target=\"_blank\">v\u00e5ra prestandatester<\/a>. Dessutom kan b\u00e5da processorerna kombineras med upp till 2 TB PCIe Gen 4-lagring, j\u00e4mnt f\u00f6rdelat \u00f6ver tv\u00e5 M.2 2280-kortplatser.<\/p>\n<p class=\"bodytext\">Dessutom kan ThinkCentre Neo 50q Gen 7 konfigureras med Wi-Fi 6 eller Wi-Fi 7 och Bluetooth 5.1 eller Bluetooth 5.4 via ett av fyra modem. Lenovo inkluderar Gigabit Ethernet som standard, liksom DisplayPort 1.4b, HDMI 2.1 (TMDS), USB Type-A, USB Type-C och en konfigurerbar port. Den nya mini-PC:n kan \u00e4ven k\u00f6pas med ett vertikalt stativ och en VESA-f\u00e4ste.<\/p>\n<p class=\"bodytext\">Priserna b\u00f6rjar p\u00e5 8 108 HKD, 136 400 JPY, 1 608 034 KRW, 4 241 MYR och 1 352 SGD (~1 064 USD) i Hongkong, Japan, Sydkorea, Malaysia respektive Singapore. Vid publiceringstillf\u00e4llet inkluderar dessa priser en Core 5 320-processor, 8 GB RAM-minne och en SSD p\u00e5 256 GB. Se <a href=\"https:\/\/www.lenovo.com\/sg\/en\/p\/desktops\/thinkcentre\/thinkcentre-neo-series\/lenovo-thinkcentre-neo-50q-gen-7-intel-tiny-pc\/len102c0085\" class=\"\" data-htmlarea-external=\"1\" rtekeep=\"1\" rel=\"nofollow noopener\" target=\"_blank\">f\u00f6retagets webbplats<\/a> f\u00f6r mer information.<\/p>\n","protected":false},"excerpt":{"rendered":"Bortsett fr\u00e5n det levereras den nya ThinkCentre Neo 50q med Core 5 320 eller Core 7 350 och&hellip;\n","protected":false},"author":2,"featured_media":351182,"comment_status":"","ping_status":"","sticky":false,"template":"","format":"standard","meta":{"footnotes":"","_share_on_mastodon":"0"},"categories":[66],"tags":[7083,36729,19156,7084,7192,31970,7080,7085,80,78,79,34,31,33,32,30,81,84,36067,39826,83,82],"class_list":["post-351181","post","type-post","status-publish","format-standard","has-post-thumbnail","category-vetenskap-och-teknik","tag-barbar-dator","tag-intel-core-5-320","tag-intel-wildcat-lake","tag-laptop","tag-lenovo","tag-lenovo-thinkcentre","tag-mini-pc","tag-notebook","tag-science","tag-science-and-technology","tag-scienceandtechnology","tag-se","tag-svenska","tag-sverige","tag-sweden","tag-swedish","tag-technology","tag-teknik","tag-thinkcentre-neo-50q-gen-7","tag-thinkcentre-neo-50q-gen-7-tiny-intel","tag-vetenskap","tag-vetenskapteknik"],"share_on_mastodon":{"url":"https:\/\/pubeurope.com\/@se\/117153678166213532","error":""},"_links":{"self":[{"href":"https:\/\/www.europesays.com\/se\/wp-json\/wp\/v2\/posts\/351181","targetHints":{"allow":["GET"]}}],"collection":[{"href":"https:\/\/www.europesays.com\/se\/wp-json\/wp\/v2\/posts"}],"about":[{"href":"https:\/\/www.europesays.com\/se\/wp-json\/wp\/v2\/types\/post"}],"author":[{"embeddable":true,"href":"https:\/\/www.europesays.com\/se\/wp-json\/wp\/v2\/users\/2"}],"replies":[{"embeddable":true,"href":"https:\/\/www.europesays.com\/se\/wp-json\/wp\/v2\/comments?post=351181"}],"version-history":[{"count":0,"href":"https:\/\/www.europesays.com\/se\/wp-json\/wp\/v2\/posts\/351181\/revisions"}],"wp:featuredmedia":[{"embeddable":true,"href":"https:\/\/www.europesays.com\/se\/wp-json\/wp\/v2\/media\/351182"}],"wp:attachment":[{"href":"https:\/\/www.europesays.com\/se\/wp-json\/wp\/v2\/media?parent=351181"}],"wp:term":[{"taxonomy":"category","embeddable":true,"href":"https:\/\/www.europesays.com\/se\/wp-json\/wp\/v2\/categories?post=351181"},{"taxonomy":"post_tag","embeddable":true,"href":"https:\/\/www.europesays.com\/se\/wp-json\/wp\/v2\/tags?post=351181"}],"curies":[{"name":"wp","href":"https:\/\/api.w.org\/{rel}","templated":true}]}}