{"id":351221,"date":"2026-08-25T03:56:08","date_gmt":"2026-08-25T03:56:08","guid":{"rendered":"https:\/\/www.europesays.com\/se\/351221\/"},"modified":"2026-08-25T03:56:08","modified_gmt":"2026-08-25T03:56:08","slug":"kanadas-attack-efter-trumps-hot-kyss-min-rov","status":"publish","type":"post","link":"https:\/\/www.europesays.com\/se\/351221\/","title":{"rendered":"Kanadas attack efter Trumps hot: \u201dKyss min r\u00f6v\u201d"},"content":{"rendered":"<p>Ordbr\u00e5ket om handelsrelationen mellan USA och Kanada har trappats upp ytterligare under b\u00f6rjan p\u00e5 veckan. Kanadas svar kommer under tisdagen n\u00e4r regeringen presenterar en rad \u00e5tg\u00e4rder f\u00f6r att \u201dskydda och st\u00f6tta\u201d de egna f\u00f6retagen och arbetarna. Det skriver Bloomberg.<\/p>\n<p>Enligt uppgifter kommer det bland annat att handla om ut\u00f6kad arbetsl\u00f6shetsers\u00e4ttning och l\u00e5n till drabbade f\u00f6retag. Kanada kan inte sl\u00e5 tillbaka med samma mynt, medger premi\u00e4rminister Mark Carney. <\/p>\n<p>\u2013 Den amerikanska ekonomin \u00e4r mycket, mycket st\u00f6rre \u00e4n den kanadensiska ekonomin, \u00e5tminstone f\u00f6r tillf\u00e4llet, sa han i en radiointervju i helgen. <\/p>\n<p>Tonl\u00e4get var n\u00e5got mer uppskruvat n\u00e4r Ontarios premi\u00e4rminister Doug Ford tog till orda under m\u00e5ndagskv\u00e4llen. <\/p>\n<p>\u2013 Jag har en stor r\u00f6v s\u00e5 Trump har gott om plats att kyssa min r\u00f6v. S\u00e5 \u00e4r det bara. Jag \u00e4r en stor kille. Vad ska jag s\u00e4ga, sa han p\u00e5 en presskonferens enligt CBC. <\/p>\n<p>Tullf\u00f6rhandlingar l\u00e4nderna emellan kollapsade i helgen och USA har sedan dess hotat med 50-procentiga tullh\u00f6jningar p\u00e5 bland annat kanadensiska bilar, lastbilar och fordonsdelar.<\/p>\n<p>Omni \u00e4r politiskt obundna och oberoende. Vi str\u00e4var efter att ge fler perspektiv p\u00e5 nyheterna. Har du fr\u00e5gor eller synpunkter kring v\u00e5r rapportering? <a href=\"https:\/\/omni.se\/kanadas-attack-efter-trumps-hot-kyss-min-rov\/a\/mailto:redaktion@omni.se\" class=\"ArticleActions-module-scss-module__w9u9BG__contactLink\" rel=\"nofollow noopener\" target=\"_blank\">Kontakta redaktionen<\/a><\/p>\n","protected":false},"excerpt":{"rendered":"Ordbr\u00e5ket om handelsrelationen mellan USA och Kanada har trappats upp ytterligare under b\u00f6rjan p\u00e5 veckan. Kanadas svar kommer&hellip;\n","protected":false},"author":2,"featured_media":351222,"comment_status":"","ping_status":"","sticky":false,"template":"","format":"standard","meta":{"footnotes":"","_share_on_mastodon":"0"},"categories":[65],"tags":[72,70,71,1091,4971,268,34,31,33,32,30,386,77,74],"class_list":["post-351221","post","type-post","status-publish","format-standard","has-post-thumbnail","category-ekonomi","tag-business","tag-economy","tag-ekonomi","tag-kanada","tag-mark-carney","tag-nordamerika","tag-se","tag-svenska","tag-sverige","tag-sweden","tag-swedish","tag-trumps-usa","tag-tullkrisen","tag-usa"],"share_on_mastodon":{"url":"https:\/\/pubeurope.com\/@se\/117154138330837747","error":""},"_links":{"self":[{"href":"https:\/\/www.europesays.com\/se\/wp-json\/wp\/v2\/posts\/351221","targetHints":{"allow":["GET"]}}],"collection":[{"href":"https:\/\/www.europesays.com\/se\/wp-json\/wp\/v2\/posts"}],"about":[{"href":"https:\/\/www.europesays.com\/se\/wp-json\/wp\/v2\/types\/post"}],"author":[{"embeddable":true,"href":"https:\/\/www.europesays.com\/se\/wp-json\/wp\/v2\/users\/2"}],"replies":[{"embeddable":true,"href":"https:\/\/www.europesays.com\/se\/wp-json\/wp\/v2\/comments?post=351221"}],"version-history":[{"count":0,"href":"https:\/\/www.europesays.com\/se\/wp-json\/wp\/v2\/posts\/351221\/revisions"}],"wp:featuredmedia":[{"embeddable":true,"href":"https:\/\/www.europesays.com\/se\/wp-json\/wp\/v2\/media\/351222"}],"wp:attachment":[{"href":"https:\/\/www.europesays.com\/se\/wp-json\/wp\/v2\/media?parent=351221"}],"wp:term":[{"taxonomy":"category","embeddable":true,"href":"https:\/\/www.europesays.com\/se\/wp-json\/wp\/v2\/categories?post=351221"},{"taxonomy":"post_tag","embeddable":true,"href":"https:\/\/www.europesays.com\/se\/wp-json\/wp\/v2\/tags?post=351221"}],"curies":[{"name":"wp","href":"https:\/\/api.w.org\/{rel}","templated":true}]}}