{"id":351472,"date":"2026-08-25T08:07:11","date_gmt":"2026-08-25T08:07:11","guid":{"rendered":"https:\/\/www.europesays.com\/se\/351472\/"},"modified":"2026-08-25T08:07:11","modified_gmt":"2026-08-25T08:07:11","slug":"australien-stoppar-ai-musik-fran-topplistor","status":"publish","type":"post","link":"https:\/\/www.europesays.com\/se\/351472\/","title":{"rendered":"Australien stoppar AI-musik fr\u00e5n topplistor"},"content":{"rendered":"<p>Australien stoppar musik som helt eller till st\u00f6rsta delen skapats med AI fr\u00e5n de officiella topplistorna. De nya reglerna fr\u00e5n branschorganisationen Aria b\u00f6rjar g\u00e4lla p\u00e5 fredag, rapporterar ABC News.<\/p>\n<p>Reglerna inf\u00f6rs samtidigt som en debatt rasar i landet om producenten Josh Fawaz AI-version av Madonnas \u201dLike a Prayer\u201d, d\u00e4r s\u00e5ng och trummor \u00e4r AI-genererade. L\u00e5ten har legat 16 veckor p\u00e5 Australiens topp 20-lista.<\/p>\n<p>Omni \u00e4r politiskt obundna och oberoende. Vi str\u00e4var efter att ge fler perspektiv p\u00e5 nyheterna. Har du fr\u00e5gor eller synpunkter kring v\u00e5r rapportering? <a href=\"https:\/\/omni.se\/australien-stoppar-ai-musik-fran-topplistor\/a\/mailto:redaktion@omni.se\" class=\"ArticleActions-module-scss-module__w9u9BG__contactLink\" rel=\"nofollow noopener\" target=\"_blank\">Kontakta redaktionen<\/a><\/p>\n","protected":false},"excerpt":{"rendered":"Australien stoppar musik som helt eller till st\u00f6rsta delen skapats med AI fr\u00e5n de officiella topplistorna. De nya&hellip;\n","protected":false},"author":2,"featured_media":351473,"comment_status":"","ping_status":"","sticky":false,"template":"","format":"standard","meta":{"footnotes":"","_share_on_mastodon":"0"},"categories":[66],"tags":[12389,466,450,172,80,78,79,34,31,33,32,30,81,84,83,82],"class_list":["post-351472","post","type-post","status-publish","format-standard","has-post-thumbnail","category-vetenskap-och-teknik","tag-drafter","tag-artificiell-intelligens","tag-australien","tag-musik","tag-science","tag-science-and-technology","tag-scienceandtechnology","tag-se","tag-svenska","tag-sverige","tag-sweden","tag-swedish","tag-technology","tag-teknik","tag-vetenskap","tag-vetenskapteknik"],"share_on_mastodon":{"url":"https:\/\/pubeurope.com\/@se\/117155125454917585","error":""},"_links":{"self":[{"href":"https:\/\/www.europesays.com\/se\/wp-json\/wp\/v2\/posts\/351472","targetHints":{"allow":["GET"]}}],"collection":[{"href":"https:\/\/www.europesays.com\/se\/wp-json\/wp\/v2\/posts"}],"about":[{"href":"https:\/\/www.europesays.com\/se\/wp-json\/wp\/v2\/types\/post"}],"author":[{"embeddable":true,"href":"https:\/\/www.europesays.com\/se\/wp-json\/wp\/v2\/users\/2"}],"replies":[{"embeddable":true,"href":"https:\/\/www.europesays.com\/se\/wp-json\/wp\/v2\/comments?post=351472"}],"version-history":[{"count":0,"href":"https:\/\/www.europesays.com\/se\/wp-json\/wp\/v2\/posts\/351472\/revisions"}],"wp:featuredmedia":[{"embeddable":true,"href":"https:\/\/www.europesays.com\/se\/wp-json\/wp\/v2\/media\/351473"}],"wp:attachment":[{"href":"https:\/\/www.europesays.com\/se\/wp-json\/wp\/v2\/media?parent=351472"}],"wp:term":[{"taxonomy":"category","embeddable":true,"href":"https:\/\/www.europesays.com\/se\/wp-json\/wp\/v2\/categories?post=351472"},{"taxonomy":"post_tag","embeddable":true,"href":"https:\/\/www.europesays.com\/se\/wp-json\/wp\/v2\/tags?post=351472"}],"curies":[{"name":"wp","href":"https:\/\/api.w.org\/{rel}","templated":true}]}}