{"id":351558,"date":"2026-08-25T09:20:14","date_gmt":"2026-08-25T09:20:14","guid":{"rendered":"https:\/\/www.europesays.com\/se\/351558\/"},"modified":"2026-08-25T09:20:14","modified_gmt":"2026-08-25T09:20:14","slug":"bianca-ingrossos-karleksresa-detaljen-om-nya-killen","status":"publish","type":"post","link":"https:\/\/www.europesays.com\/se\/351558\/","title":{"rendered":"Bianca Ingrossos k\u00e4rleksresa \u2013 detaljen om nya killen"},"content":{"rendered":"<p>Publicerad 25 aug 2026 kl 10.49<\/p>\n<p>Bianca Ingrosso \u00e4r k\u00e4r.\u00a0<\/p>\n<p>Tv-profilen och den nya killen \u00e4r p\u00e5 en romantisk resa i Spanien och Ingrosso njuter av de nya k\u00e4nslorna.\u00a0<\/p>\n<p>\u2013 Jag k\u00e4nner mig som en t\u00f6nt, s\u00e4ger hon p\u00e5 Snapchat.\u00a0<\/p>\n<p><img   alt=\"\"\/><\/p>\n<p>Ingrosso ber\u00e4ttar om sina k\u00e4nslor p\u00e5 Snapchat.<\/p>\n<p>Foto: Snapchat<\/p>\n<p>\u00d6ppna bild i helsk\u00e4rm<img loading=\"lazy\"   alt=\"\"\/><\/p>\n<p>Den nya killen passar upp p\u00e5 henne.<\/p>\n<p>Foto: Snapchat<\/p>\n<p>\u00d6ppna bild i helsk\u00e4rm<img loading=\"lazy\"   alt=\"\"\/><\/p>\n<p>De har varit p\u00e5 spa.<\/p>\n<p>Foto: Snapchat<\/p>\n<p>\u00d6ppna bild i helsk\u00e4rm<img loading=\"lazy\"   alt=\"\"\/><\/p>\n<p>Han \u00e4r spansk och visar Ingrosso runt i sm\u00e5 byar.<\/p>\n<p>Foto: Snapchat<\/p>\n<p>\u00d6ppna bild i helsk\u00e4rm<img loading=\"lazy\"   alt=\"\"\/><\/p>\n<p>Ingrosso \u00e4r k\u00e4r igen.<\/p>\n<p>Foto: STELLA PICTURES \/ STELLA PICTURES<\/p>\n<p>\u00d6ppna bild i helsk\u00e4rm<\/p>\n<p><a href=\"https:\/\/www.expressen.se\/tagg\/person\/bianca-ingrosso\/\" class=\"\" rel=\"nofollow noopener\" target=\"_blank\">Bianca Ingrossos<\/a>, 31, k\u00e4rlekssommar forts\u00e4tter.\u00a0<\/p>\n<p>Hon har tidigare ber\u00e4ttat att hon \u00e4r k\u00e4r och nu s\u00e4ger entrepren\u00f6ren och tv-profilen att hon har fortsatt sin resa med killen i Spanien.\u00a0<\/p>\n<p>\u201dDet h\u00e4r trodde jag inte n\u00e4r jag packade f\u00f6r sommaren 2026 i juli\u201d, skriver Ingrosso p\u00e5 Snapchat. \u00a0<\/p>\n<p>Bianca ber\u00e4ttar att hon \u00e4r f\u00f6rv\u00e5nad sj\u00e4lv.\u00a0<\/p>\n<p>\u2013 Vad fan ska man s\u00e4ga? Vad h\u00e4nde? Vad fan h\u00e4nde den h\u00e4r sommaren?<\/p>\n<p>Ingrosso och killen befinner sig i Spanien och de har bland annat varit i Barcelona \u2013 d\u00e4r Ingrosso skriver att han bor.\u00a0<\/p>\n<p>\u2013 Han \u00e4r ju spansk. S\u00e5 han har visat mig massa gulliga sm\u00e5 byar runtomkring h\u00e4r.\u00a0<\/p>\n<p>Bianca Ingrosso ber\u00e4ttar att hon k\u00e4nner starka k\u00e4nslor.\u00a0<\/p>\n<p>\u2013 Jag k\u00e4nner mig som en t\u00f6nt fast jag tycker att det \u00e4r s\u00e5 fint att f\u00e5 k\u00e4nna allt s\u00e5nt h\u00e4r. Sjukt. Det trodde jag verkligen inte.\u00a0<\/p>\n<p>\u201dFattar nu vad folk menar\u201d<\/p>\n<p>Under k\u00e4rleksresan bor de p\u00e5 hotell och Ingrosso skriver att den nya killen passar upp p\u00e5 henne.\u00a0<\/p>\n<p>\u201dBeh\u00f6ver inte ens h\u00e4mta frukost sj\u00e4lv\u201d, skriver hon.\u00a0<\/p>\n<p>De har \u00e4ven varit p\u00e5 spa tillsammans.\u00a0<\/p>\n<p>\u201dFattar nu vad folk menar med att spa med r\u00e4tt person \u00e4r v\u00e4rldens mysigaste\u201d, skriver Ingrosso p\u00e5 Instagram.\u00a0<\/p>\n","protected":false},"excerpt":{"rendered":"Publicerad 25 aug 2026 kl 10.49 Bianca Ingrosso \u00e4r k\u00e4r.\u00a0 Tv-profilen och den nya killen \u00e4r p\u00e5 en&hellip;\n","protected":false},"author":2,"featured_media":351559,"comment_status":"","ping_status":"","sticky":false,"template":"","format":"standard","meta":{"footnotes":"","_share_on_mastodon":"0"},"categories":[67],"tags":[30442,635,104,18379,34,4545,691,31,29942,33,32,30,105],"class_list":["post-351558","post","type-post","status-publish","format-standard","has-post-thumbnail","category-underhallning","tag-barcelona","tag-bianca-ingrosso","tag-entertainment","tag-kandisnyheter","tag-se","tag-snapchat","tag-spanien","tag-svenska","tag-svenska-influencers","tag-sverige","tag-sweden","tag-swedish","tag-underhallning"],"share_on_mastodon":{"url":"https:\/\/pubeurope.com\/@se\/117155412595140900","error":""},"_links":{"self":[{"href":"https:\/\/www.europesays.com\/se\/wp-json\/wp\/v2\/posts\/351558","targetHints":{"allow":["GET"]}}],"collection":[{"href":"https:\/\/www.europesays.com\/se\/wp-json\/wp\/v2\/posts"}],"about":[{"href":"https:\/\/www.europesays.com\/se\/wp-json\/wp\/v2\/types\/post"}],"author":[{"embeddable":true,"href":"https:\/\/www.europesays.com\/se\/wp-json\/wp\/v2\/users\/2"}],"replies":[{"embeddable":true,"href":"https:\/\/www.europesays.com\/se\/wp-json\/wp\/v2\/comments?post=351558"}],"version-history":[{"count":0,"href":"https:\/\/www.europesays.com\/se\/wp-json\/wp\/v2\/posts\/351558\/revisions"}],"wp:featuredmedia":[{"embeddable":true,"href":"https:\/\/www.europesays.com\/se\/wp-json\/wp\/v2\/media\/351559"}],"wp:attachment":[{"href":"https:\/\/www.europesays.com\/se\/wp-json\/wp\/v2\/media?parent=351558"}],"wp:term":[{"taxonomy":"category","embeddable":true,"href":"https:\/\/www.europesays.com\/se\/wp-json\/wp\/v2\/categories?post=351558"},{"taxonomy":"post_tag","embeddable":true,"href":"https:\/\/www.europesays.com\/se\/wp-json\/wp\/v2\/tags?post=351558"}],"curies":[{"name":"wp","href":"https:\/\/api.w.org\/{rel}","templated":true}]}}