{"id":351614,"date":"2026-08-25T10:05:29","date_gmt":"2026-08-25T10:05:29","guid":{"rendered":"https:\/\/www.europesays.com\/se\/351614\/"},"modified":"2026-08-25T10:05:29","modified_gmt":"2026-08-25T10:05:29","slug":"barn-stoppas-fran-att-flyga-drake-efter-israels-varning","status":"publish","type":"post","link":"https:\/\/www.europesays.com\/se\/351614\/","title":{"rendered":"Barn stoppas fr\u00e5n att flyga drake efter Israels varning"},"content":{"rendered":"<p>Organisationer i Gaza uppmanar f\u00f6r\u00e4ldrar att se till att deras barn inte flyger drake i det krigsh\u00e4rjade omr\u00e5det, rapporterar Reuters. Detta efter att Israel hotat med kraftfulla \u00e5tg\u00e4rder om Hamas skickar ballonger, dr\u00f6nare eller flygande drakar bestyckade med exempelvis brandfarligt material \u00f6ver gr\u00e4nsen. <\/p>\n<p>Den senaste tiden har flera flygande drakar setts driva in \u00f6ver Israel fr\u00e5n Gaza. Drakarna har inte utgjort n\u00e5gon fara, men det finns en utbredd oro bland israeler, enligt nyhetsbyr\u00e5n. <\/p>\n<p>2018 orsakade ballonger och flygande drakar som Hamas skickade \u00f6ver gr\u00e4nsen kraftiga br\u00e4nder i Israel. <\/p>\n<p>Premi\u00e4rminister Benjamin Netanyahu har hotat med d\u00f6dliga attacker om ballonger, dr\u00f6nare eller flygande drakar n\u00e5r Israel. <\/p>\n<p>Omni \u00e4r politiskt obundna och oberoende. Vi str\u00e4var efter att ge fler perspektiv p\u00e5 nyheterna. Har du fr\u00e5gor eller synpunkter kring v\u00e5r rapportering? <a href=\"https:\/\/omni.se\/barn-stoppas-fran-att-flyga-drake-efter-israels-varning\/a\/mailto:redaktion@omni.se\" class=\"ArticleActions-module-scss-module__w9u9BG__contactLink\" rel=\"nofollow noopener\" target=\"_blank\">Kontakta redaktionen<\/a><\/p>\n","protected":false},"excerpt":{"rendered":"Organisationer i Gaza uppmanar f\u00f6r\u00e4ldrar att se till att deras barn inte flyger drake i det krigsh\u00e4rjade omr\u00e5det,&hellip;\n","protected":false},"author":2,"featured_media":351615,"comment_status":"","ping_status":"","sticky":false,"template":"","format":"standard","meta":{"footnotes":"","_share_on_mastodon":"0"},"categories":[14],"tags":[1044,22,23,26,27,121,122,17,21,342,24,25,28,29,124,125,15,16,18,34,31,33,32,30,19,20,51,52,53,54],"class_list":["post-351614","post","type-post","status-publish","format-standard","has-post-thumbnail","category-varlden","tag-benjamin-netanyahu","tag-breaking-news","tag-breakingnews","tag-featured-news","tag-featurednews","tag-gaza","tag-hamas","tag-headlines","tag-huvudnyheter","tag-israel","tag-latest-news","tag-latestnews","tag-main-news","tag-mainnews","tag-mellanostern","tag-mellanosternkrisen","tag-news","tag-nyheter","tag-rubriker","tag-se","tag-svenska","tag-sverige","tag-sweden","tag-swedish","tag-top-stories","tag-topstories","tag-varlden","tag-world","tag-world-news","tag-worldnews"],"share_on_mastodon":{"url":"https:\/\/pubeurope.com\/@se\/117155589359755746","error":""},"_links":{"self":[{"href":"https:\/\/www.europesays.com\/se\/wp-json\/wp\/v2\/posts\/351614","targetHints":{"allow":["GET"]}}],"collection":[{"href":"https:\/\/www.europesays.com\/se\/wp-json\/wp\/v2\/posts"}],"about":[{"href":"https:\/\/www.europesays.com\/se\/wp-json\/wp\/v2\/types\/post"}],"author":[{"embeddable":true,"href":"https:\/\/www.europesays.com\/se\/wp-json\/wp\/v2\/users\/2"}],"replies":[{"embeddable":true,"href":"https:\/\/www.europesays.com\/se\/wp-json\/wp\/v2\/comments?post=351614"}],"version-history":[{"count":0,"href":"https:\/\/www.europesays.com\/se\/wp-json\/wp\/v2\/posts\/351614\/revisions"}],"wp:featuredmedia":[{"embeddable":true,"href":"https:\/\/www.europesays.com\/se\/wp-json\/wp\/v2\/media\/351615"}],"wp:attachment":[{"href":"https:\/\/www.europesays.com\/se\/wp-json\/wp\/v2\/media?parent=351614"}],"wp:term":[{"taxonomy":"category","embeddable":true,"href":"https:\/\/www.europesays.com\/se\/wp-json\/wp\/v2\/categories?post=351614"},{"taxonomy":"post_tag","embeddable":true,"href":"https:\/\/www.europesays.com\/se\/wp-json\/wp\/v2\/tags?post=351614"}],"curies":[{"name":"wp","href":"https:\/\/api.w.org\/{rel}","templated":true}]}}