{"id":351790,"date":"2026-08-25T12:05:31","date_gmt":"2026-08-25T12:05:31","guid":{"rendered":"https:\/\/www.europesays.com\/se\/351790\/"},"modified":"2026-08-25T12:05:31","modified_gmt":"2026-08-25T12:05:31","slug":"trump-vi-funderar-pa-att-dopa-om-ontariosjon","status":"publish","type":"post","link":"https:\/\/www.europesays.com\/se\/351790\/","title":{"rendered":"Trump: Vi funderar p\u00e5 att d\u00f6pa om Ontariosj\u00f6n"},"content":{"rendered":"<p>Wikipedia (sv)<\/p>\n<p>Ontariosj\u00f6n (engelska Lake Ontario, franska Lac Ontario) \u00e4r en av de fem sj\u00f6ar som ing\u00e5r i Stora sj\u00f6arna i \u00f6stra Nordamerika.<br \/>\nNamnet p\u00e5 sj\u00f6n \u00e4r ett irokesiskt ord som betyder &#8221;vacker sj\u00f6&#8221; eller &#8221;gnistrande vatten&#8221;. Den kanadensiska provinsen Ontario d\u00f6ptes senare efter sj\u00f6n.<br \/>\nOntariosj\u00f6n \u00e4r den l\u00e4ngst till \u00f6ster bel\u00e4gna av Stora sj\u00f6arna, och den minsta r\u00e4knat till areal (19 009 km\u00b2). Trots detta har den en volym (1 639 km\u00b3) som \u00f6verstiger Eriesj\u00f6ns. Ontariosj\u00f6n \u00e4r den 14:e st\u00f6rsta sj\u00f6n i v\u00e4rlden, med ett st\u00f6rsta djup p\u00e5 244 m. Sj\u00f6ns viktigaste vattentillfl\u00f6de kommer genom Niagarafloden (Eriesj\u00f6n), och dess viktigaste utlopp \u00e4r Saint Lawrencefloden. Andra, mindre floder, som rinner till sj\u00f6n \u00e4r Trentfloden, Geneseefloden, Oswegofloden och Salmonfloden.<br \/>\nP\u00e5 grund av dess stora djup \u00e4r det mycket ovanligt att Ontariosj\u00f6n fryser om vintern. De tv\u00e5 k\u00e4nda tillf\u00e4llen d\u00e5 detta skett var vintrarna 1934 och 1976.<br \/>\nInnan europ\u00e9erna kom till omr\u00e5det utgjorde Ontariosj\u00f6n gr\u00e4nsen mellan huron- och irokesindianernas territorium. Stammarna var varandras v\u00e4rsta fiender. Den f\u00f6rsta v\u00e4sterl\u00e4nning man k\u00e4nner till som kom till omr\u00e5det var \u00c9tienne Br\u00fbl\u00e9, \u00e5r 1615.<br \/>\nOmr\u00e5det runt Ontariosj\u00f6n \u00e4r kraftigt industrialiserat och utsl\u00e4ppsniv\u00e5erna under framf\u00f6r allt 1960- och 1970-talen var mycket h\u00f6ga. Sj\u00f6n var d\u00f6ende, med \u00e5terkommande algblomning under sommaren, vilken d\u00f6dade stora m\u00e4ngder fisk. Stundtals var lagren av d\u00f6d fisk och sj\u00f6gr\u00e4s l\u00e4ngs str\u00e4nderna s\u00e5 tjocka att v\u00e5gorna inte kunde brytas. Som en f\u00f6ljd av sk\u00e4rpt milj\u00f6lagstiftning har sj\u00f6n nu \u00e5terh\u00e4mtat sig, och man kan till och med finna g\u00e4dda d\u00e4r, ett tecken p\u00e5 att vattnet \u00e4r friskt.<br \/>\nOm vintern, n\u00e4r kall vind passerar \u00f6ver det varmare vattnet i sj\u00f6n, bildas sn\u00f6, vilket g\u00f6r omr\u00e5det runt den till ett av de sn\u00f6rikaste i USA.<\/p>\n","protected":false},"excerpt":{"rendered":"Wikipedia (sv) Ontariosj\u00f6n (engelska Lake Ontario, franska Lac Ontario) \u00e4r en av de fem sj\u00f6ar som ing\u00e5r i&hellip;\n","protected":false},"author":2,"featured_media":351791,"comment_status":"","ping_status":"","sticky":false,"template":"","format":"standard","meta":{"footnotes":"","_share_on_mastodon":"0"},"categories":[5],"tags":[387,22,23,385,26,27,17,21,1091,24,25,28,29,15,268,16,18,34,31,33,32,30,19,20,77,74],"class_list":["post-351790","post","type-post","status-publish","format-standard","has-post-thumbnail","category-rubriker","tag-amerikansk-politik","tag-breaking-news","tag-breakingnews","tag-donald-trump","tag-featured-news","tag-featurednews","tag-headlines","tag-huvudnyheter","tag-kanada","tag-latest-news","tag-latestnews","tag-main-news","tag-mainnews","tag-news","tag-nordamerika","tag-nyheter","tag-rubriker","tag-se","tag-svenska","tag-sverige","tag-sweden","tag-swedish","tag-top-stories","tag-topstories","tag-tullkrisen","tag-usa"],"share_on_mastodon":{"url":"https:\/\/pubeurope.com\/@se\/117156061210145986","error":""},"_links":{"self":[{"href":"https:\/\/www.europesays.com\/se\/wp-json\/wp\/v2\/posts\/351790","targetHints":{"allow":["GET"]}}],"collection":[{"href":"https:\/\/www.europesays.com\/se\/wp-json\/wp\/v2\/posts"}],"about":[{"href":"https:\/\/www.europesays.com\/se\/wp-json\/wp\/v2\/types\/post"}],"author":[{"embeddable":true,"href":"https:\/\/www.europesays.com\/se\/wp-json\/wp\/v2\/users\/2"}],"replies":[{"embeddable":true,"href":"https:\/\/www.europesays.com\/se\/wp-json\/wp\/v2\/comments?post=351790"}],"version-history":[{"count":0,"href":"https:\/\/www.europesays.com\/se\/wp-json\/wp\/v2\/posts\/351790\/revisions"}],"wp:featuredmedia":[{"embeddable":true,"href":"https:\/\/www.europesays.com\/se\/wp-json\/wp\/v2\/media\/351791"}],"wp:attachment":[{"href":"https:\/\/www.europesays.com\/se\/wp-json\/wp\/v2\/media?parent=351790"}],"wp:term":[{"taxonomy":"category","embeddable":true,"href":"https:\/\/www.europesays.com\/se\/wp-json\/wp\/v2\/categories?post=351790"},{"taxonomy":"post_tag","embeddable":true,"href":"https:\/\/www.europesays.com\/se\/wp-json\/wp\/v2\/tags?post=351790"}],"curies":[{"name":"wp","href":"https:\/\/api.w.org\/{rel}","templated":true}]}}