{"id":351942,"date":"2026-08-25T14:04:14","date_gmt":"2026-08-25T14:04:14","guid":{"rendered":"https:\/\/www.europesays.com\/se\/351942\/"},"modified":"2026-08-25T14:04:14","modified_gmt":"2026-08-25T14:04:14","slug":"trump-i-brak-om-ontariosjon","status":"publish","type":"post","link":"https:\/\/www.europesays.com\/se\/351942\/","title":{"rendered":"Trump i br\u00e5k om Ontariosj\u00f6n"},"content":{"rendered":"<p>  <a class=\"_link_1lr5y_108\" href=\"https:\/\/aftonbladet.se\/av\/emil-forsberg\" title=\"Emil Forsberg\" rel=\"nofollow noopener\" target=\"_blank\"><img alt=\"Bild av Emil Forsberg\" class=\"_image_1lr5y_85\" fetchpriority=\"low\" decoding=\"async\" itemprop=\"image\" loading=\"lazy\"  src=\"https:\/\/www.europesays.com\/se\/wp-content\/uploads\/2026\/08\/1787666653_416_602ef119-32a3-4a6a-b86e-0ebfdb56a147.png\"  width=\"480\"\/><\/a> <img alt=\"Ontariosj\u00f6n.\" class=\"_image_1jxax_84 layout-component layout-wide\" data-fullscreen- data-track-element-type=\"Article image fullscreen\" data-track-name=\"ImageFullscreen\" fetchpriority=\"high\" decoding=\"sync\" loading=\"eager\" height=\"3999\" itemprop=\"image\"  src=\"https:\/\/www.europesays.com\/se\/wp-content\/uploads\/2026\/08\/c1e5d07c-2f54-304e-a292-a46a042eef08.jpeg\"  style=\"object-position:0% 0%\" width=\"6000\"\/>Ontariosj\u00f6n.  Foto: Nathan Denette \/ APVisa mer<\/p>\n<p class=\"_textTheme_4io5p_1 _lead_16k26_2 _lead_3ue4t_18 layout-component layout-normal layout-padded _lead_o6m9k_5 _leadTheme_cypwp_1 body-large bold\">Br\u00e5ket med Kanada eskalerar.<\/p>\n<p class=\"_textTheme_4io5p_1 _lead_16k26_2 _lead_3ue4t_18 layout-component layout-normal layout-padded _lead_o6m9k_5 _leadTheme_cypwp_1 body-large bold\">Nu hotar Donald Trump med att byta namn p\u00e5 Ontariosj\u00f6n.<\/p>\n<p class=\"_textTheme_4io5p_1 _lead_16k26_2 _lead_3ue4t_18 layout-component layout-normal layout-padded _lead_o6m9k_5 _leadTheme_cypwp_1 body-large bold\">\u201dLake America\u201d, skriver han p\u00e5 Truth Social.<\/p>\n<p class=\"_textTheme_4io5p_1 _paragraph_16k26_4 _paragraph_3ue4t_27 layout-component layout-normal layout-padded body-medium\">P\u00e5 m\u00e5ndagen hotade Donald Trump med att h\u00f6ja tullarna p\u00e5 kanadensiska lastbilar, bilar och bildelar med 50 procent.<\/p>\n<p class=\"_textTheme_4io5p_1 _paragraph_16k26_4 _paragraph_3ue4t_27 layout-component layout-normal layout-padded body-medium\">\u201dN\u00e5gon borde f\u00e5 dessa clowner att st\u00e4lla sig i ledet. Annars blir konsekvenserna f\u00f6r Kanada MYCKET V\u00c4RRE\u201d, skriver Trump p\u00e5 Truth Social.<\/p>\n<p class=\"_textTheme_4io5p_1 _paragraph_16k26_4 _paragraph_3ue4t_27 layout-component layout-normal layout-padded body-medium\">Beskedet kommer efter att f\u00f6rhandlingarna om ett nytt handelsavtal strandat. Ontarios premi\u00e4rminister Doug Ford bem\u00f6tte det nya tullhotet under en radiointervju i Toronto, rapporterar <a href=\"https:\/\/www.cbc.ca\/news\/canada\/toronto\/ford-news-conference-canada-us-trade-war-9.7318104\" class=\"_link_16k26_32\" rel=\"nofollow noopener\" target=\"_blank\">CBC News<\/a>.<\/p>\n<p class=\"_textTheme_4io5p_1 _paragraph_16k26_4 _paragraph_3ue4t_27 layout-component layout-normal layout-padded body-medium\">\u2013 Kyss mig i r\u00f6ven, s\u00e4ger han.<\/p>\n<p> <img alt=\"Donald Trump.\" class=\"_image_1jxax_84 layout-component layout-normal\" data-fullscreen- data-track-element-type=\"Article image fullscreen\" data-track-name=\"ImageFullscreen\" decoding=\"async\" loading=\"lazy\" height=\"5604\" itemprop=\"image\"  src=\"https:\/\/www.europesays.com\/se\/wp-content\/uploads\/2026\/08\/bd03ec55-6bd4-3c61-aefc-97ece752bf8d.jpeg\"  style=\"object-position:0% 0%\" width=\"8406\"\/>Donald Trump. Foto: Jacquelyn Martin  \/AP\/TTVisa mer <\/p>\n<p class=\"_textTheme_4io5p_1 _paragraph_16k26_4 _paragraph_3ue4t_27 layout-component layout-normal layout-padded body-medium\">Enligt Ford kan Kanada komma att svara med egna tullar och \u00e5terinf\u00f6ra en avgift p\u00e5 el som Ontario exporterar till USA.<\/p>\n<p class=\"_textTheme_4io5p_1 _paragraph_16k26_4 _paragraph_3ue4t_27 layout-component layout-normal layout-padded body-medium\">Det tog dock inte l\u00e5ng tid innan Trump svarade p\u00e5 nytt och gick till attack mot Ford.<\/p>\n<p class=\"_textTheme_4io5p_1 _paragraph_16k26_4 _paragraph_3ue4t_27 layout-component layout-normal layout-padded body-medium\">\u201dMycket snack fr\u00e5n Doug Ford som \u00e4r premi\u00e4rminister i den kanadensiska provinsen Ontario, men som \u00e4r mer k\u00e4nd som den mindre karismatiske, intelligente och \u00f6verlag f\u00f6ga imponerande brodern till den avlidne, store Rob Ford\u201d, skriver Trump.<\/p>\n<p class=\"_textTheme_4io5p_1 _paragraph_16k26_4 _paragraph_3ue4t_27 layout-component layout-normal layout-padded body-medium\">Sedan kastade Trump in \u00e4nnu en brandfackla.<\/p>\n<p class=\"_textTheme_4io5p_1 _paragraph_16k26_4 _paragraph_3ue4t_27 layout-component layout-normal layout-padded body-medium\">\u201dUSA \u00f6verv\u00e4ger p\u00e5 allvar att \u00e4ndra namnet p\u00e5 Ontariosj\u00f6n till Amerikasj\u00f6n eftersom vi inte l\u00e4ngre f\u00f6rv\u00e4ntar oss att det blir n\u00e5gon aff\u00e4r med Ontario. Tack f\u00f6r er uppm\u00e4rksamhet i denna fr\u00e5ga!\u201d, skriver han.<\/p>\n","protected":false},"excerpt":{"rendered":"Ontariosj\u00f6n. Foto: Nathan Denette \/ APVisa mer Br\u00e5ket med Kanada eskalerar. Nu hotar Donald Trump med att byta&hellip;\n","protected":false},"author":2,"featured_media":351943,"comment_status":"","ping_status":"","sticky":false,"template":"","format":"standard","meta":{"footnotes":"","_share_on_mastodon":"0"},"categories":[65],"tags":[72,385,70,71,1091,34,31,33,32,30],"class_list":["post-351942","post","type-post","status-publish","format-standard","has-post-thumbnail","category-ekonomi","tag-business","tag-donald-trump","tag-economy","tag-ekonomi","tag-kanada","tag-se","tag-svenska","tag-sverige","tag-sweden","tag-swedish"],"share_on_mastodon":{"url":"https:\/\/pubeurope.com\/@se\/117156529264662968","error":""},"_links":{"self":[{"href":"https:\/\/www.europesays.com\/se\/wp-json\/wp\/v2\/posts\/351942","targetHints":{"allow":["GET"]}}],"collection":[{"href":"https:\/\/www.europesays.com\/se\/wp-json\/wp\/v2\/posts"}],"about":[{"href":"https:\/\/www.europesays.com\/se\/wp-json\/wp\/v2\/types\/post"}],"author":[{"embeddable":true,"href":"https:\/\/www.europesays.com\/se\/wp-json\/wp\/v2\/users\/2"}],"replies":[{"embeddable":true,"href":"https:\/\/www.europesays.com\/se\/wp-json\/wp\/v2\/comments?post=351942"}],"version-history":[{"count":0,"href":"https:\/\/www.europesays.com\/se\/wp-json\/wp\/v2\/posts\/351942\/revisions"}],"wp:featuredmedia":[{"embeddable":true,"href":"https:\/\/www.europesays.com\/se\/wp-json\/wp\/v2\/media\/351943"}],"wp:attachment":[{"href":"https:\/\/www.europesays.com\/se\/wp-json\/wp\/v2\/media?parent=351942"}],"wp:term":[{"taxonomy":"category","embeddable":true,"href":"https:\/\/www.europesays.com\/se\/wp-json\/wp\/v2\/categories?post=351942"},{"taxonomy":"post_tag","embeddable":true,"href":"https:\/\/www.europesays.com\/se\/wp-json\/wp\/v2\/tags?post=351942"}],"curies":[{"name":"wp","href":"https:\/\/api.w.org\/{rel}","templated":true}]}}