{"id":351994,"date":"2026-08-25T14:49:18","date_gmt":"2026-08-25T14:49:18","guid":{"rendered":"https:\/\/www.europesays.com\/se\/351994\/"},"modified":"2026-08-25T14:49:18","modified_gmt":"2026-08-25T14:49:18","slug":"spanien-skarper-asylpolitik-efter-krisen-i-ceuta","status":"publish","type":"post","link":"https:\/\/www.europesays.com\/se\/351994\/","title":{"rendered":"Spanien sk\u00e4rper asylpolitik efter krisen i Ceuta"},"content":{"rendered":"<p>Spanien g\u00f6r om migrationslagstiftningen efter att tiotusentals m\u00e4nniskor tog sig \u00f6ver gr\u00e4nsen fr\u00e5n Marocko till exklaven Ceuta i juli. Det uppger inrikesministern Fernando Grande-Marlaska efter ett regeringsm\u00f6te p\u00e5 tisdagen, enligt Bloomberg. <\/p>\n<p>Asylans\u00f6kningar ska handl\u00e4ggas direkt vid gr\u00e4nsen, eller utredas i maximalt tolv veckor d\u00e5 den asyls\u00f6kande ska \u201dst\u00e5 till myndigheternas f\u00f6rfogande\u201d. <\/p>\n<p>\u2013 Detta inneb\u00e4r inte att n\u00e5gon ans\u00f6kan om internationellt skydd ska l\u00e4mnas obehandlad, s\u00e4ger inrikesministern enligt RTVE. <\/p>\n<p>Irregulj\u00e4ra migranter, allts\u00e5 m\u00e4nniskor som korsar gr\u00e4nsen utan att passera en gr\u00e4nskontroll som vid Ceutakrisen, ska h\u00e5llas i f\u00f6rvar i upp till 72 timmar och genomg\u00e5 h\u00e4lsokontroll och registrering av biometriska uppgifter medan beslut fattas om vart de ska skickas vidare. <\/p>\n<p>Omni \u00e4r politiskt obundna och oberoende. Vi str\u00e4var efter att ge fler perspektiv p\u00e5 nyheterna. Har du fr\u00e5gor eller synpunkter kring v\u00e5r rapportering? <a href=\"https:\/\/omni.se\/spanien-skarper-asylpolitik-efter-krisen-i-ceuta\/a\/mailto:redaktion@omni.se\" class=\"ArticleActions-module-scss-module__w9u9BG__contactLink\" rel=\"nofollow noopener\" target=\"_blank\">Kontakta redaktionen<\/a><\/p>\n","protected":false},"excerpt":{"rendered":"Spanien g\u00f6r om migrationslagstiftningen efter att tiotusentals m\u00e4nniskor tog sig \u00f6ver gr\u00e4nsen fr\u00e5n Marocko till exklaven Ceuta i&hellip;\n","protected":false},"author":2,"featured_media":351995,"comment_status":"","ping_status":"","sticky":false,"template":"","format":"standard","meta":{"footnotes":"","_share_on_mastodon":"0"},"categories":[14],"tags":[22,23,267,26,27,17,21,24,25,28,29,15,16,18,34,691,15151,31,33,32,30,19,20,51,52,53,54],"class_list":["post-351994","post","type-post","status-publish","format-standard","has-post-thumbnail","category-varlden","tag-breaking-news","tag-breakingnews","tag-europa","tag-featured-news","tag-featurednews","tag-headlines","tag-huvudnyheter","tag-latest-news","tag-latestnews","tag-main-news","tag-mainnews","tag-news","tag-nyheter","tag-rubriker","tag-se","tag-spanien","tag-spansk-politik","tag-svenska","tag-sverige","tag-sweden","tag-swedish","tag-top-stories","tag-topstories","tag-varlden","tag-world","tag-world-news","tag-worldnews"],"share_on_mastodon":{"url":"https:\/\/pubeurope.com\/@se\/117156706160019108","error":""},"_links":{"self":[{"href":"https:\/\/www.europesays.com\/se\/wp-json\/wp\/v2\/posts\/351994","targetHints":{"allow":["GET"]}}],"collection":[{"href":"https:\/\/www.europesays.com\/se\/wp-json\/wp\/v2\/posts"}],"about":[{"href":"https:\/\/www.europesays.com\/se\/wp-json\/wp\/v2\/types\/post"}],"author":[{"embeddable":true,"href":"https:\/\/www.europesays.com\/se\/wp-json\/wp\/v2\/users\/2"}],"replies":[{"embeddable":true,"href":"https:\/\/www.europesays.com\/se\/wp-json\/wp\/v2\/comments?post=351994"}],"version-history":[{"count":0,"href":"https:\/\/www.europesays.com\/se\/wp-json\/wp\/v2\/posts\/351994\/revisions"}],"wp:featuredmedia":[{"embeddable":true,"href":"https:\/\/www.europesays.com\/se\/wp-json\/wp\/v2\/media\/351995"}],"wp:attachment":[{"href":"https:\/\/www.europesays.com\/se\/wp-json\/wp\/v2\/media?parent=351994"}],"wp:term":[{"taxonomy":"category","embeddable":true,"href":"https:\/\/www.europesays.com\/se\/wp-json\/wp\/v2\/categories?post=351994"},{"taxonomy":"post_tag","embeddable":true,"href":"https:\/\/www.europesays.com\/se\/wp-json\/wp\/v2\/tags?post=351994"}],"curies":[{"name":"wp","href":"https:\/\/api.w.org\/{rel}","templated":true}]}}