{"id":352040,"date":"2026-08-25T15:25:17","date_gmt":"2026-08-25T15:25:17","guid":{"rendered":"https:\/\/www.europesays.com\/se\/352040\/"},"modified":"2026-08-25T15:25:17","modified_gmt":"2026-08-25T15:25:17","slug":"reportern-raggade-pa-tadej-pogacar-publiken-rasar","status":"publish","type":"post","link":"https:\/\/www.europesays.com\/se\/352040\/","title":{"rendered":"Reportern raggade p\u00e5 Tadej Pogacar \u2013 publiken rasar"},"content":{"rendered":"<p>  <a class=\"_link_1lr5y_108\" href=\"https:\/\/aftonbladet.se\/av\/alexander-jonsson\" title=\"Alexander Jonsson\" rel=\"nofollow noopener\" target=\"_blank\"><img alt=\"Bild av Alexander Jonsson\" class=\"_image_1lr5y_85\" fetchpriority=\"low\" decoding=\"async\" itemprop=\"image\" loading=\"lazy\"  src=\"https:\/\/www.europesays.com\/se\/wp-content\/uploads\/2026\/08\/1787671516_404_1c3b889a-02c2-4870-b49a-c09d6332602f.png\"  width=\"480\"\/><\/a> <img alt=\"Erola Jons.\" class=\"_image_1jxax_84 layout-component layout-wide\" data-fullscreen- data-track-element-type=\"Article image fullscreen\" data-track-name=\"ImageFullscreen\" fetchpriority=\"high\" decoding=\"sync\" loading=\"eager\" height=\"6500\" itemprop=\"image\"  src=\"https:\/\/www.europesays.com\/se\/wp-content\/uploads\/2026\/08\/375ed969-316a-3e74-a729-b0ecb2f2e81c.jpeg\"  style=\"object-position:0% 0%\" width=\"4333\"\/>Erola Jons.  Foto: Pablo Cuadra \/ Getty ImagesVisa mer<\/p>\n<p class=\"_textTheme_4io5p_1 _lead_16k26_2 _lead_3ue4t_18 layout-component layout-normal layout-padded _lead_o6m9k_5 _leadTheme_cypwp_1 body-large bold\">Influencern Erola Jons, 28, har agerat reporter p\u00e5 Vuelta a Espa\u00f1a. <\/p>\n<p class=\"_textTheme_4io5p_1 _lead_16k26_2 _lead_3ue4t_18 layout-component layout-normal layout-padded _lead_o6m9k_5 _leadTheme_cypwp_1 body-large bold\">D\u00e5 tog hon chansen att ragga p\u00e5 stj\u00e4rnan Tadej Pogacar, 27. <\/p>\n<p class=\"_textTheme_4io5p_1 _lead_16k26_2 _lead_3ue4t_18 layout-component layout-normal layout-padded _lead_o6m9k_5 _leadTheme_cypwp_1 body-large bold\">Nu m\u00f6ter hon stor kritik och anklagas f\u00f6r sexism. <\/p>\n<p class=\"_textTheme_4io5p_1 _paragraph_16k26_4 _paragraph_3ue4t_27 layout-component layout-normal layout-padded body-medium\">Jons har \u00f6ver tre miljoner f\u00f6ljare p\u00e5 YouTube och streamade live p\u00e5 t\u00e4vlingens f\u00f6rsta etapp d\u00e4r hon fick fri tillg\u00e5ng till intervjuer i mixade zonen. <\/p>\n<p class=\"_textTheme_4io5p_1 _paragraph_16k26_4 _paragraph_3ue4t_27 layout-component layout-normal layout-padded body-medium\">Men efter att Tadej Pogacar vunnit etappen har hon hamnat i bl\u00e5sv\u00e4der. <\/p>\n<p class=\"_textTheme_4io5p_1 _paragraph_16k26_4 _paragraph_3ue4t_27 layout-component layout-normal layout-padded body-medium\">Spanjorskan anklagas f\u00f6r att ha objektifierat den slovenske stj\u00e4rnan. <\/p>\n<p class=\"_textTheme_4io5p_1 _paragraph_16k26_4 _paragraph_3ue4t_27 layout-component layout-normal layout-padded body-medium\">\u2013 Du \u00e4r s\u00e5 vacker fr\u00e5n n\u00e4ra h\u00e5ll, s\u00e4ger hon till Pogacar enligt danska <a href=\"https:\/\/sport.tv2.dk\/cykling\/2026-08-24-influencers-ord-til-pogacar-vaekker-opsigt-en-skaendsel\" class=\"_link_16k26_32\" rel=\"nofollow noopener\" target=\"_blank\">TV2<\/a>. <\/p>\n<p> Raggar p\u00e5 Pogacar <\/p>\n<p class=\"_textTheme_4io5p_1 _paragraph_16k26_4 _paragraph_3ue4t_27 layout-component layout-normal layout-padded body-medium\">Hon forts\u00e4tter intervjun med ett f\u00f6rs\u00f6k till att fl\u00f6rta med stj\u00e4rnan, som har en partner sedan m\u00e5nga \u00e5r. <\/p>\n<p class=\"_textTheme_4io5p_1 _paragraph_16k26_4 _paragraph_3ue4t_27 layout-component layout-normal layout-padded body-medium\">\u2013 Varf\u00f6r hyperventilerar du varje g\u00e5ng du ser mig?<\/p>\n<p class=\"_textTheme_4io5p_1 _paragraph_16k26_4 _paragraph_3ue4t_27 layout-component layout-normal layout-padded body-medium\">Slovenen beh\u00e5ller lugnet, \u00e4r artig och svarar p\u00e5 fr\u00e5gorna. <\/p>\n<p class=\"_textTheme_4io5p_1 _paragraph_16k26_4 _paragraph_3ue4t_27 layout-component layout-normal layout-padded body-medium\">\u2013 Jag andas dygnet runt, tack, svarar han. <\/p>\n<p class=\"_textTheme_4io5p_1 _paragraph_16k26_4 _paragraph_3ue4t_27 layout-component layout-normal layout-padded body-medium\">N\u00e4r cyklisterna sedan bytte om fortsatte de osmakliga kommentarerna. <\/p>\n<p class=\"_textTheme_4io5p_1 _paragraph_16k26_4 _paragraph_3ue4t_27 layout-component layout-normal layout-padded body-medium\">\u2013 S\u00e5 mycket sk\u00f6nhet g\u00f6r mig ofokuserad. Det \u00e4r hett bara att se s\u00e5 m\u00e5nga \u00e5tsittande dr\u00e4kter. <\/p>\n<p> <img alt=\"Tadej Pogacar.\" class=\"_image_1jxax_84 layout-component layout-normal\" data-fullscreen- data-track-element-type=\"Article image fullscreen\" data-track-name=\"ImageFullscreen\" decoding=\"async\" loading=\"lazy\" height=\"1008\" itemprop=\"image\"  src=\"https:\/\/www.europesays.com\/se\/wp-content\/uploads\/2026\/08\/46a6b7de-d9e1-3459-88a8-c6fc087ea606.jpeg\"  style=\"object-position:0% 0%\" width=\"1512\"\/>Tadej Pogacar. Foto: Philippe Magoni  \/AP\/TTVisa mer \u201dDet \u00e4r respektl\u00f6st\u201d <\/p>\n<p class=\"_textTheme_4io5p_1 _paragraph_16k26_4 _paragraph_3ue4t_27 layout-component layout-normal layout-padded body-medium\">Jons har blivit k\u00e4nd i Spanien f\u00f6r att filma videor med dold kamera d\u00e4r hon f\u00f6rs\u00f6ker ragga p\u00e5 m\u00e4n. <\/p>\n<p class=\"_textTheme_4io5p_1 _paragraph_16k26_4 _paragraph_3ue4t_27 layout-component layout-normal layout-padded body-medium\">Beslutet att hon ska ha fri tillg\u00e5ng till t\u00e4vlingen i egenskap av journalist har inte landat v\u00e4l i cykelbranschen som anklagar henne f\u00f6r sexism.  <\/p>\n<p class=\"_textTheme_4io5p_1 _paragraph_16k26_4 _paragraph_3ue4t_27 layout-component layout-normal layout-padded body-medium\">\u201dDet \u00e4r respektl\u00f6st mot oss, mot yrkesverksamma som arbetar h\u00e4r, och framf\u00f6r allt mot de t\u00e4vlande. Ingen ska beh\u00f6va finna sig i att bli behandlad som ett objekt, varken kvinnor eller m\u00e4n\u201d, skriver Europsportsexperten Laura Meseguer p\u00e5 <a href=\"https:\/\/www.instagram.com\/p\/DcYJ9mHNMkB\/\" class=\"_link_16k26_32\" rel=\"nofollow noopener\" target=\"_blank\">Instagram<\/a>.  <\/p>\n<p> Blivit tillsagd <\/p>\n<p class=\"_textTheme_4io5p_1 _paragraph_16k26_4 _paragraph_3ue4t_27 layout-component layout-normal layout-padded body-medium\">Arrang\u00f6ren menar att Jons inte st\u00f6r vanlig mediebevakning men att konceptet har korrigerats efter de f\u00f6rsta etapperna. <\/p>\n<p class=\"_textTheme_4io5p_1 _paragraph_16k26_4 _paragraph_3ue4t_27 layout-component layout-normal layout-padded body-medium\">\u201dOrganisationen har granskat tillv\u00e4gag\u00e5ngss\u00e4ttet och st\u00e4rkt samordningen av inneh\u00e5llet. Fram\u00f6ver kommer interaktioner med cyklister och team att ske enligt en i f\u00f6rv\u00e4g \u00f6verenskommen plan som respekterar deras scheman, de relevanta omr\u00e5dena och deras kriterier f\u00f6r deltagande\u201d, skriver man. <\/p>\n<p class=\"_textTheme_4io5p_1 _paragraph_16k26_4 _paragraph_3ue4t_27 layout-component layout-normal layout-padded body-medium\"><a href=\"https:\/\/www.marca.com\/ciclismo\/vuelta-espana\/2026\/08\/24\/erola-jonas-seguira-final-lavuelta-tendra-contacto-ciclistas.html\" class=\"_link_16k26_32\" rel=\"nofollow noopener\" target=\"_blank\">Marca<\/a> skriver att Jons inte l\u00e4ngre kommer ha tillg\u00e5ng till intervjuer p\u00e5 samma s\u00e4tt och att han har blivit ombedd att anpassa sin ton och stil. <\/p>\n<p class=\"_textTheme_4io5p_1 _paragraph_16k26_4 _paragraph_3ue4t_27 layout-component layout-normal layout-padded body-medium\">Vuelta a Espa\u00f1a forts\u00e4tter med den fj\u00e4rde etappen under tisdagen. <\/p>\n<p>            <script async src=\"\/\/www.instagram.com\/embed.js\"><\/script><\/p>\n","protected":false},"excerpt":{"rendered":"Erola Jons. Foto: Pablo Cuadra \/ Getty ImagesVisa mer Influencern Erola Jons, 28, har agerat reporter p\u00e5 Vuelta&hellip;\n","protected":false},"author":2,"featured_media":352041,"comment_status":"","ping_status":"","sticky":false,"template":"","format":"standard","meta":{"footnotes":"","_share_on_mastodon":"0"},"categories":[68],"tags":[11231,34,111,110,31,33,32,30,39753],"class_list":["post-352040","post","type-post","status-publish","format-standard","has-post-thumbnail","category-sport","tag-cykel","tag-se","tag-sport","tag-sports","tag-svenska","tag-sverige","tag-sweden","tag-swedish","tag-vuelta-a-espana"],"share_on_mastodon":{"url":"","error":""},"_links":{"self":[{"href":"https:\/\/www.europesays.com\/se\/wp-json\/wp\/v2\/posts\/352040","targetHints":{"allow":["GET"]}}],"collection":[{"href":"https:\/\/www.europesays.com\/se\/wp-json\/wp\/v2\/posts"}],"about":[{"href":"https:\/\/www.europesays.com\/se\/wp-json\/wp\/v2\/types\/post"}],"author":[{"embeddable":true,"href":"https:\/\/www.europesays.com\/se\/wp-json\/wp\/v2\/users\/2"}],"replies":[{"embeddable":true,"href":"https:\/\/www.europesays.com\/se\/wp-json\/wp\/v2\/comments?post=352040"}],"version-history":[{"count":0,"href":"https:\/\/www.europesays.com\/se\/wp-json\/wp\/v2\/posts\/352040\/revisions"}],"wp:featuredmedia":[{"embeddable":true,"href":"https:\/\/www.europesays.com\/se\/wp-json\/wp\/v2\/media\/352041"}],"wp:attachment":[{"href":"https:\/\/www.europesays.com\/se\/wp-json\/wp\/v2\/media?parent=352040"}],"wp:term":[{"taxonomy":"category","embeddable":true,"href":"https:\/\/www.europesays.com\/se\/wp-json\/wp\/v2\/categories?post=352040"},{"taxonomy":"post_tag","embeddable":true,"href":"https:\/\/www.europesays.com\/se\/wp-json\/wp\/v2\/tags?post=352040"}],"curies":[{"name":"wp","href":"https:\/\/api.w.org\/{rel}","templated":true}]}}