{"id":352092,"date":"2026-08-25T16:02:25","date_gmt":"2026-08-25T16:02:25","guid":{"rendered":"https:\/\/www.europesays.com\/se\/352092\/"},"modified":"2026-08-25T16:02:25","modified_gmt":"2026-08-25T16:02:25","slug":"minst-35-000-doda-i-europeiska-varmeboljor","status":"publish","type":"post","link":"https:\/\/www.europesays.com\/se\/352092\/","title":{"rendered":"Minst 35 000 d\u00f6da i europeiska v\u00e4rmeb\u00f6ljor"},"content":{"rendered":"<p>Uppdaterad 25 aug 2026 kl 16.06Publicerad 25 aug 2026 kl 14.30<\/p>\n<p>V\u00e4rmeb\u00f6ljorna har slagit h\u00e5rt mot Europa i sommar.\u00a0<\/p>\n<p>Minst 35 000 personer har d\u00f6tt.\u00a0<\/p>\n<p>Men siffrorna befaras vara mycket h\u00f6gre.<\/p>\n<p><img   alt=\"\"\/><\/p>\n<p>I Italien utf\u00e4rdade man flera r\u00f6da v\u00e4rmevarningar under sommaren.<\/p>\n<p>Foto: FOTIA\/AGF\/SHUTTERSTOCK \/ SHUTTERSTOCK EDITORIAL\/IBL<\/p>\n<p>\u00d6ppna bild i helsk\u00e4rm<\/p>\n<p>Sommarens v\u00e4rmeb\u00f6ljor i Europa har varit extrema. Sedan maj har hundratals v\u00e4derstationer p\u00e5 kontinenten registrerat <a href=\"https:\/\/www.expressen.se\/nyheter\/vader\/varmeborjan-fortsatter-i-europa-rekord-pa-flera-platser\/\" rel=\"nofollow noopener\" target=\"_blank\">rekordh\u00f6ga temperaturer<\/a>.\u00a0<\/p>\n<p>Temperaturer har flera g\u00e5nger kl\u00e4ttrat \u00f6ver 40 grader och v\u00e4rmen har kostat minst 35 000 liv, rapporterar <a href=\"https:\/\/www.theguardian.com\/environment\/2026\/aug\/25\/at-least-35000-excess-deaths-europe-back-to-back-heatwaves\" rel=\"nofollow noopener\" target=\"_blank\">The Guardian<\/a>. Men antalet d\u00f6da befaras vara mycket h\u00f6gre, d\u00e5 statistiken endast r\u00f6r ungef\u00e4r halva kontinenten och inte inkluderar alla d\u00f6dsfall i augusti.\u00a0<\/p>\n<p>I Tyskland, <a href=\"https:\/\/www.expressen.se\/tagg\/location\/frankrike\/\" class=\"\" rel=\"nofollow noopener\" target=\"_blank\">Frankrike<\/a> och Spanien ber\u00e4knas 25 000 personer ha d\u00f6tt i v\u00e4rmen. B\u00e5de f\u00f6r Tyskland och Spanien har \u00e5rets sommar varit den v\u00e4rsta n\u00e5gonsin som uppm\u00e4tts n\u00e4r det kommer till v\u00e4rmerelaterade d\u00f6dsfall.\u00a0<\/p>\n<p>Kan dr\u00f6ja m\u00e5nader<\/p>\n<p>Bara i Tyskland r\u00e4knar man med att man haft runt 14 000 v\u00e4rmerelaterade d\u00f6dsfall mellan 6 april och 9 augusti. I Frankrike l\u00e5g \u00f6verd\u00f6dligheten p\u00e5 7 300 mellan maj och 22 juli.<\/p>\n<p>V\u00e4rt att notera \u00e4r att l\u00e4nderna i Europa r\u00e4knar d\u00f6dsfallen olika. Tyskland exempelvis r\u00e4knar med v\u00e4rmerelaterade d\u00f6dsfall. Frankrike presenterar i st\u00e4llet siffror kring \u00f6verd\u00f6dlighet i allm\u00e4nhet, inte n\u00f6dv\u00e4ndigtvis p\u00e5 grund av v\u00e4dret.<\/p>\n<p>Det kan dr\u00f6ja veckor, till och med m\u00e5nader, innan det faktiska antalet d\u00f6da i sommarens v\u00e4rmeb\u00f6ljor kan presenteras, skriver The Guardian.\u00a0<\/p>\n","protected":false},"excerpt":{"rendered":"Uppdaterad 25 aug 2026 kl 16.06Publicerad 25 aug 2026 kl 14.30 V\u00e4rmeb\u00f6ljorna har slagit h\u00e5rt mot Europa i&hellip;\n","protected":false},"author":2,"featured_media":352093,"comment_status":"","ping_status":"","sticky":false,"template":"","format":"standard","meta":{"footnotes":"","_share_on_mastodon":"0"},"categories":[14],"tags":[22,23,267,26,27,266,17,21,24,25,28,29,15,16,18,34,691,31,33,32,30,19,20,408,51,52,53,54],"class_list":["post-352092","post","type-post","status-publish","format-standard","has-post-thumbnail","category-varlden","tag-breaking-news","tag-breakingnews","tag-europa","tag-featured-news","tag-featurednews","tag-frankrike","tag-headlines","tag-huvudnyheter","tag-latest-news","tag-latestnews","tag-main-news","tag-mainnews","tag-news","tag-nyheter","tag-rubriker","tag-se","tag-spanien","tag-svenska","tag-sverige","tag-sweden","tag-swedish","tag-top-stories","tag-topstories","tag-tyskland","tag-varlden","tag-world","tag-world-news","tag-worldnews"],"share_on_mastodon":{"url":"https:\/\/pubeurope.com\/@se\/117156993293465647","error":""},"_links":{"self":[{"href":"https:\/\/www.europesays.com\/se\/wp-json\/wp\/v2\/posts\/352092","targetHints":{"allow":["GET"]}}],"collection":[{"href":"https:\/\/www.europesays.com\/se\/wp-json\/wp\/v2\/posts"}],"about":[{"href":"https:\/\/www.europesays.com\/se\/wp-json\/wp\/v2\/types\/post"}],"author":[{"embeddable":true,"href":"https:\/\/www.europesays.com\/se\/wp-json\/wp\/v2\/users\/2"}],"replies":[{"embeddable":true,"href":"https:\/\/www.europesays.com\/se\/wp-json\/wp\/v2\/comments?post=352092"}],"version-history":[{"count":0,"href":"https:\/\/www.europesays.com\/se\/wp-json\/wp\/v2\/posts\/352092\/revisions"}],"wp:featuredmedia":[{"embeddable":true,"href":"https:\/\/www.europesays.com\/se\/wp-json\/wp\/v2\/media\/352093"}],"wp:attachment":[{"href":"https:\/\/www.europesays.com\/se\/wp-json\/wp\/v2\/media?parent=352092"}],"wp:term":[{"taxonomy":"category","embeddable":true,"href":"https:\/\/www.europesays.com\/se\/wp-json\/wp\/v2\/categories?post=352092"},{"taxonomy":"post_tag","embeddable":true,"href":"https:\/\/www.europesays.com\/se\/wp-json\/wp\/v2\/tags?post=352092"}],"curies":[{"name":"wp","href":"https:\/\/api.w.org\/{rel}","templated":true}]}}