{"id":3521,"date":"2025-08-13T07:43:11","date_gmt":"2025-08-13T07:43:11","guid":{"rendered":"https:\/\/www.europesays.com\/se\/3521\/"},"modified":"2025-08-13T07:43:11","modified_gmt":"2025-08-13T07:43:11","slug":"pernilla-wahlgren-vittnar-i-rattegang-mot-misstankt-stalker","status":"publish","type":"post","link":"https:\/\/www.europesays.com\/se\/3521\/","title":{"rendered":"Pernilla Wahlgren vittnar i r\u00e4tteg\u00e5ng mot misst\u00e4nkt stalker"},"content":{"rendered":"<p>Publicerad 13 aug 2025 kl 09.31Uppdaterad kl 09.39<\/p>\n<p>Bianca Ingrossos misst\u00e4nkta stalker h\u00e4vdar att de tv\u00e5 tr\u00e4ffades i baren och bytte nummer.<\/p>\n<p>\u2013 Bekantskap slash dejting, beskriver han deras kontakt i r\u00e4tteg\u00e5ngen.<\/p>\n<p>N\u00e5got som enligt Bianca inte st\u00e4mmer alls.<\/p>\n<p><img   alt=\"\"\/><\/p>\n<p>Bianca Ingrosso under r\u00e4tteg\u00e5ngens f\u00f6rsta dag i tisdag.<\/p>\n<p>Foto: SVEN LINDWALL<\/p>\n<p><img loading=\"lazy\"   alt=\"\"\/><\/p>\n<p>Bianca Ingrosso.<\/p>\n<p>Foto: SVEN LINDWALL<\/p>\n<p><img loading=\"lazy\"   alt=\"\"\/><\/p>\n<p>P\u00e5 onsdagen ska mamma Pernilla Wahlgren vittna.<\/p>\n<p>Foto: STELLA PICTURES \/ STELLA PICTURES\/DANIEL BENGTSSON  DANIEL BENGTSSON<\/p>\n<p><img loading=\"lazy\"   alt=\"\"\/><\/p>\n<p>Ingrosso.<\/p>\n<p>Foto: SVEN LINDWALL<\/p>\n<p><img loading=\"lazy\"   alt=\"\"\/><\/p>\n<p>Den misst\u00e4nkta stalkern.<\/p>\n<p>Foto: Polisen<\/p>\n<p>R\u00e4tteg\u00e5ngen mot <a href=\"https:\/\/www.expressen.se\/tagg\/person\/bianca-ingrosso\/\" class=\"\" rel=\"nofollow noopener\" target=\"_blank\">Bianca Ingrossos<\/a> misst\u00e4nkta stalker forts\u00e4tter i Stockholms tingsr\u00e4tt under onsdagen.<\/p>\n<p>P\u00e5 tisdagen <a href=\"https:\/\/www.expressen.se\/noje\/biancas-ord-om-misstankta-stalkern\/\" rel=\"nofollow noopener\" target=\"_blank\">f\u00f6rh\u00f6rdes Ingrosso sj\u00e4lv,<\/a> och ber\u00e4ttade hur mannen p\u00e5verkat hennes m\u00e5ende.<\/p>\n<p>\u2013 Jag har blivit enligt mina v\u00e4nner en mycket mer tystare person f\u00f6r jag \u00e4r helt slut av att vara en del av hans psykiska hj\u00e4rna. Det tar p\u00e5 ens psyke att vara en del av hans konstiga, konstiga, konstiga v\u00e4rld, sa hon bland annat.<\/p>\n<p>Onsdagen inleddes med f\u00f6rh\u00f6r med den utpekade mannen. Han p\u00e5stod d\u00e5 att han och Ingrosso dejtat, vilket henne inte alls st\u00e4mmer.<\/p>\n<p>\u2013 Vi s\u00e5gs ute p\u00e5 en nattklubb. D\u00e4r fick vi kontakt, s\u00e4ger han.<\/p>\n<p>Han p\u00e5st\u00e5r ocks\u00e5 att Ingrosso ringde honom \u201di princip varje dag\u201d mellan januari och april i \u00e5r. Och att deras p\u00e5st\u00e5dda dejtingrelation slutade p\u00e5 hans initiativ.<\/p>\n<p>\u2013 Enkla ordet f\u00f6r det var v\u00e4l intressebrist fr\u00e5n min sida. Hon var ingen f\u00f6r mig som jag var intresserad av att utveckla n\u00e5got mer med.<\/p>\n<p>Pernilla Wahlgren ska vittna<\/p>\n<p>Att han inte har n\u00e5gra bilder eller annat som styrker det p\u00e5st\u00e5dda umg\u00e4nget f\u00f6rklarar han med att han ville vara \u201ddiskret\u201d.<\/p>\n<p>Enligt Bianca Ingrosso har n\u00e5gon s\u00e5dan relation aldrig existerat. I st\u00e4llet har mannen, enligt henne, f\u00f6rf\u00f6ljt henne genom sociala medier och att s\u00f6ka upp henne p\u00e5 olika platser.<\/p>\n<p>Under onsdagen ska ocks\u00e5 Bianca Ingrossos mamma Pernilla Wahlgren och v\u00e4n Lovisa Worge f\u00f6rh\u00f6ras som vittnen.<\/p>\n","protected":false},"excerpt":{"rendered":"Publicerad 13 aug 2025 kl 09.31Uppdaterad kl 09.39 Bianca Ingrossos misst\u00e4nkta stalker h\u00e4vdar att de tv\u00e5 tr\u00e4ffades i&hellip;\n","protected":false},"author":2,"featured_media":3522,"comment_status":"","ping_status":"","sticky":false,"template":"","format":"standard","meta":{"footnotes":""},"categories":[5],"tags":[22,23,26,27,440,17,21,24,25,28,29,15,16,580,581,357,18,34,31,33,32,30,19,428,582,20],"class_list":{"0":"post-3521","1":"post","2":"type-post","3":"status-publish","4":"format-standard","5":"has-post-thumbnail","7":"category-rubriker","8":"tag-breaking-news","9":"tag-breakingnews","10":"tag-featured-news","11":"tag-featurednews","12":"tag-function-unga","13":"tag-headlines","14":"tag-huvudnyheter","15":"tag-latest-news","16":"tag-latestnews","17":"tag-main-news","18":"tag-mainnews","19":"tag-news","20":"tag-nyheter","21":"tag-person-bianca-ingrosso","22":"tag-person-lovisa-worge","23":"tag-person-pernilla-wahlgren","24":"tag-rubriker","25":"tag-se","26":"tag-svenska","27":"tag-sverige","28":"tag-sweden","29":"tag-swedish","30":"tag-top-stories","31":"tag-topic-influencers","32":"tag-topic-trakasserier","33":"tag-topstories"},"share_on_mastodon":{"url":"","error":""},"_links":{"self":[{"href":"https:\/\/www.europesays.com\/se\/wp-json\/wp\/v2\/posts\/3521","targetHints":{"allow":["GET"]}}],"collection":[{"href":"https:\/\/www.europesays.com\/se\/wp-json\/wp\/v2\/posts"}],"about":[{"href":"https:\/\/www.europesays.com\/se\/wp-json\/wp\/v2\/types\/post"}],"author":[{"embeddable":true,"href":"https:\/\/www.europesays.com\/se\/wp-json\/wp\/v2\/users\/2"}],"replies":[{"embeddable":true,"href":"https:\/\/www.europesays.com\/se\/wp-json\/wp\/v2\/comments?post=3521"}],"version-history":[{"count":0,"href":"https:\/\/www.europesays.com\/se\/wp-json\/wp\/v2\/posts\/3521\/revisions"}],"wp:featuredmedia":[{"embeddable":true,"href":"https:\/\/www.europesays.com\/se\/wp-json\/wp\/v2\/media\/3522"}],"wp:attachment":[{"href":"https:\/\/www.europesays.com\/se\/wp-json\/wp\/v2\/media?parent=3521"}],"wp:term":[{"taxonomy":"category","embeddable":true,"href":"https:\/\/www.europesays.com\/se\/wp-json\/wp\/v2\/categories?post=3521"},{"taxonomy":"post_tag","embeddable":true,"href":"https:\/\/www.europesays.com\/se\/wp-json\/wp\/v2\/tags?post=3521"}],"curies":[{"name":"wp","href":"https:\/\/api.w.org\/{rel}","templated":true}]}}