{"id":35215,"date":"2025-09-20T15:58:07","date_gmt":"2025-09-20T15:58:07","guid":{"rendered":"https:\/\/www.europesays.com\/se\/35215\/"},"modified":"2025-09-20T15:58:07","modified_gmt":"2025-09-20T15:58:07","slug":"paniken-nar-utpekade-maddie-mordaren-slappts-varlden","status":"publish","type":"post","link":"https:\/\/www.europesays.com\/se\/35215\/","title":{"rendered":"Paniken \u2013 n\u00e4r utpekade Maddie-m\u00f6rdaren sl\u00e4ppts | V\u00e4rlden"},"content":{"rendered":"<p>Publicerad 20 sep 2025 kl 13.43<\/p>\n<p>Maddie McCanns utpekade m\u00f6rdare Christian Br\u00fcckner har sl\u00e4ppts ur f\u00e4ngelse.<\/p>\n<p>F\u00f6r\u00e4ldrar i den tyska staden d\u00e4r han registrerats som heml\u00f6s har panik, rapporterar <a href=\"https:\/\/www.express.co.uk\/news\/uk\/2110993\/madeleine-mccann-suspect-christian-brueckner-german-town\" rel=\"nofollow noopener\" target=\"_blank\">Daily Express.\u00a0<\/a><\/p>\n<p>\u2013 Vi \u00e4r livr\u00e4dda, s\u00e4ger en deltagare p\u00e5 ett m\u00f6te med kommunen.\u00a0<\/p>\n<p><img   alt=\"\"\/><\/p>\n<p>Madeleine McCanns utpekade m\u00f6rdare Christian Brueckner.<\/p>\n<p>Foto: MEGA\/IBL<\/p>\n<p>\u00d6ppna bild i helsk\u00e4rm<img loading=\"lazy\"   alt=\"\"\/><\/p>\n<p>Madeleine McCann.<\/p>\n<p>Foto: AP \/ AP EVERTON FC<\/p>\n<p>\u00d6ppna bild i helsk\u00e4rm<\/p>\n<p>Det har snart g\u00e5tt tv\u00e5 decennier sedan den brittiska tre\u00e5ringen <a href=\"https:\/\/www.expressen.se\/tagg\/person\/madeleine-mccann\/\" class=\"\" rel=\"nofollow noopener\" target=\"_blank\">Madeleine McCann<\/a> f\u00f6rsvann. Hon var p\u00e5 semester med sina f\u00f6r\u00e4ldrar i Praia da Luz vid Algarvekusten i Portugal n\u00e4r hon f\u00f6rsvann den 3 maj 2007.<\/p>\n<p>Det blev snabbt ett av v\u00e4rldens mest uppm\u00e4rksammade fall och har fyllt tidningar v\u00e4rlden \u00f6ver i snart 20 \u00e5r.<\/p>\n<p>Hennes kropp har aldrig hittats. Men tysk polis har uppgett att man tror att hon \u00e4r d\u00f6d.\u00a0<\/p>\n<p>Sl\u00e4pptes p\u00e5 onsdagen<\/p>\n<p>Sedan dess har jakten p\u00e5g\u00e5tt efter den som misst\u00e4nks ha kidnappat och m\u00f6rdat flickan.<\/p>\n<p>L\u00e4nge famlade polisen i m\u00f6rker, men \u00e5r 2020 presenterades den tyske pedofilen Christian Br\u00fcckner som huvudmisst\u00e4nkt. Han bodde i n\u00e4rheten av platsen d\u00e4r Maddie McCann f\u00f6rsvann och f\u00f6r <a href=\"https:\/\/www.expressen.se\/nyheter\/varlden\/vidriga-fynden-hos-misstankta-mordaren\/\" rel=\"nofollow noopener\" target=\"_blank\">tio \u00e5r sedan hittade polisen flera<\/a> fynd med kopplingar till honom.<\/p>\n<p>Men bevisen r\u00e4ckte inte f\u00f6r att \u00e5tala honom.\u00a0<\/p>\n<p>I onsdags sl\u00e4pptes han ur f\u00e4ngelse n\u00e4ra Hannover i Tyskland, efter att ha avtj\u00e4nat ett sju\u00e5rigt straff f\u00f6r v\u00e5ldt\u00e4kt p\u00e5 en \u00e4ldre kvinna.\u00a0<\/p>\n<p>Dagen d\u00e4rp\u00e5 blev Br\u00fcckner, som nekar till anklagelserna mot honom i Maddie-fallet, formellt registrerad som heml\u00f6s i den tyska staden Eichenhof, enligt Express.<\/p>\n<p>Han m\u00e5ste b\u00e4ra en elektronisk fotboja i fem \u00e5r och har f\u00e5tt sitt pass indraget.<\/p>\n<p>Uppr\u00f6rda k\u00e4nslor\u00a0<\/p>\n<p>Men det \u00e4r inte tillr\u00e4ckligt f\u00f6r att lindra inv\u00e5narnas oro, enligt tidningen. F\u00f6r\u00e4ldrar har b\u00f6rjat f\u00f6lja sina barn till och fr\u00e5n skolan och begr\u00e4nsat lekar utomhus.\u00a0<\/p>\n<p>Det var uppr\u00f6rda k\u00e4nslor p\u00e5 ett m\u00f6te i kommunhuset under torsdagen.\u00a0<\/p>\n<p>\u2013 Hur kan man l\u00e5ta en s\u00e5n man bo bland oss? V\u00e5ra barn leker p\u00e5 de h\u00e4r gatorna. Det \u00e4r oacceptabelt, sa trebarnspappan Markus Weber enligt Express.\u00a0<\/p>\n<p>\u2013 En fotboja kommer inte att stoppa honom, sa en annan deltagare och fortsatte:<\/p>\n<p>\u2013 Vi \u00e4r inte bara oroliga. Vi \u00e4r livr\u00e4dda.\u00a0<\/p>\n<p><strong>L\u00c4S MER: <\/strong><a href=\"https:\/\/www.expressen.se\/nyheter\/varlden\/nya-livet-som-hemlos-for--misstankt-maddiemordare\/\" class=\"\" rel=\"nofollow noopener\" target=\"_blank\">Nya livet som heml\u00f6s f\u00f6r  misst\u00e4nkt Maddiem\u00f6rdare<\/a><strong>L\u00c4S MER: <\/strong><a href=\"https:\/\/www.expressen.se\/nyheter\/varlden\/brueckner-slappt\/\" class=\"\" rel=\"nofollow noopener\" target=\"_blank\">Christian Br\u00fcckner sl\u00e4ppt \u2013 misst\u00e4nkt f\u00f6r mord p\u00e5 Madeleine Mccann<\/a><\/p>\n","protected":false},"excerpt":{"rendered":"Publicerad 20 sep 2025 kl 13.43 Maddie McCanns utpekade m\u00f6rdare Christian Br\u00fcckner har sl\u00e4ppts ur f\u00e4ngelse. F\u00f6r\u00e4ldrar i&hellip;\n","protected":false},"author":2,"featured_media":35216,"comment_status":"","ping_status":"","sticky":false,"template":"","format":"standard","meta":{"footnotes":""},"categories":[14],"tags":[22,23,26,27,17,21,24,25,28,29,15,16,2245,18,34,55,31,33,32,30,19,20,51,52,53,54],"class_list":{"0":"post-35215","1":"post","2":"type-post","3":"status-publish","4":"format-standard","5":"has-post-thumbnail","7":"category-varlden","8":"tag-breaking-news","9":"tag-breakingnews","10":"tag-featured-news","11":"tag-featurednews","12":"tag-headlines","13":"tag-huvudnyheter","14":"tag-latest-news","15":"tag-latestnews","16":"tag-main-news","17":"tag-mainnews","18":"tag-news","19":"tag-nyheter","20":"tag-person-madeleine-mccann","21":"tag-rubriker","22":"tag-se","23":"tag-sections-varlden","24":"tag-svenska","25":"tag-sverige","26":"tag-sweden","27":"tag-swedish","28":"tag-top-stories","29":"tag-topstories","30":"tag-varlden","31":"tag-world","32":"tag-world-news","33":"tag-worldnews"},"share_on_mastodon":{"url":"","error":""},"_links":{"self":[{"href":"https:\/\/www.europesays.com\/se\/wp-json\/wp\/v2\/posts\/35215","targetHints":{"allow":["GET"]}}],"collection":[{"href":"https:\/\/www.europesays.com\/se\/wp-json\/wp\/v2\/posts"}],"about":[{"href":"https:\/\/www.europesays.com\/se\/wp-json\/wp\/v2\/types\/post"}],"author":[{"embeddable":true,"href":"https:\/\/www.europesays.com\/se\/wp-json\/wp\/v2\/users\/2"}],"replies":[{"embeddable":true,"href":"https:\/\/www.europesays.com\/se\/wp-json\/wp\/v2\/comments?post=35215"}],"version-history":[{"count":0,"href":"https:\/\/www.europesays.com\/se\/wp-json\/wp\/v2\/posts\/35215\/revisions"}],"wp:featuredmedia":[{"embeddable":true,"href":"https:\/\/www.europesays.com\/se\/wp-json\/wp\/v2\/media\/35216"}],"wp:attachment":[{"href":"https:\/\/www.europesays.com\/se\/wp-json\/wp\/v2\/media?parent=35215"}],"wp:term":[{"taxonomy":"category","embeddable":true,"href":"https:\/\/www.europesays.com\/se\/wp-json\/wp\/v2\/categories?post=35215"},{"taxonomy":"post_tag","embeddable":true,"href":"https:\/\/www.europesays.com\/se\/wp-json\/wp\/v2\/tags?post=35215"}],"curies":[{"name":"wp","href":"https:\/\/api.w.org\/{rel}","templated":true}]}}