{"id":352216,"date":"2026-08-25T17:50:34","date_gmt":"2026-08-25T17:50:34","guid":{"rendered":"https:\/\/www.europesays.com\/se\/352216\/"},"modified":"2026-08-25T17:50:34","modified_gmt":"2026-08-25T17:50:34","slug":"storklubben-vill-ha-yasin-ayari-brighton-hove-albion-vill-inte-lana-ut","status":"publish","type":"post","link":"https:\/\/www.europesays.com\/se\/352216\/","title":{"rendered":"Storklubben vill ha Yasin Ayari &#8211; Brighton &#038; Hove Albion vill inte l\u00e5na ut"},"content":{"rendered":"<p>Den svenske unge (22 \u00e5r) mittf\u00e4ltaren Yasin Ayari gjorde en bra s\u00e4song f\u00f6r Brighton &amp; Hove Albion och ett utm\u00e4rkt VM i somras. Han har verkligen f\u00e5tt ett genombrott p\u00e5 riktigt, och det har tidigare skrivits att b\u00e5de Liverpool och Chelsea f\u00f6ljer spelaren. <\/p>\n<p>Yasin Ayari sitter p\u00e5 ett kontrakt med Brighton &amp; Hove Albion som l\u00f6per ut n\u00e4sta sommar, och det \u00e4r nu klubben ska s\u00e4lja honom om de ska f\u00e5 in pengar. <\/p>\n<p><a target=\"_blank\" href=\"https:\/\/www.fussballdaten.de\/\" rel=\"nofollow noopener\">Fussballdaten <\/a>ber\u00e4ttar att italienska AS Roma vill knyta till sig spelaren p\u00e5 ett l\u00e5n med en k\u00f6poption, medans Brighton &amp; Hove Albion vill ha en permanent l\u00f6sning. \u00c4ven tyska Borussia Dortmund har spelaren p\u00e5 sin \u00f6nskelista. <\/p>\n<p>Yasin Ayari har hittills gjort sex m\u00e5l och fyra assist p\u00e5 77 matcher f\u00f6r den engelska klubben. <\/p>\n<p>Han kom dit fr\u00e5n AIK 2023 och har varit utl\u00e5nad till Coventry City och Blackburn Rovers. Moderklubben \u00e4r R\u00e5sunda IS. L\u00e4s mer p\u00e5 SvenskaFans. <\/p>\n<p style=\"line-height: 1.38; margin-top: 0pt; margin-bottom: 0pt\"><strong>L\u00e4s mer h\u00e4r: <\/strong><a target=\"_self\" href=\"https:\/\/www.svenskafans.com\/fotboll\/uppgifter-yasin-ayari-jagas-av-bade-chelsea-och-liverpool-697015\" rel=\"nofollow noopener\">Uppgifter: Yasin Ayari jagas av b\u00e5de Chelsea och Liverpool <\/a><\/p>\n<p style=\"line-height: 1.38; margin-top: 0pt; margin-bottom: 0pt\"><strong>L\u00e4s mer h\u00e4r: <\/strong><a target=\"_self\" href=\"https:\/\/www.svenskafans.com\/fotboll\/chelsea-och-liverpool-ar-intresserade-av-yasin-ayari-nu-laggs-newcastle-united-till-697151\" rel=\"nofollow noopener\">Chelsea och Liverpool \u00e4r intresserade av Yasin Ayari &#8211; nu l\u00e4ggs Newcastle United till <\/a><\/p>\n<p style=\"line-height: 1.38; margin-top: 0pt; margin-bottom: 0pt\"><strong>L\u00e4s mer h\u00e4r: <\/strong><a target=\"_self\" href=\"https:\/\/www.svenskafans.com\/fotboll\/uppgifter-brighton-hove-albin-vill-behalla-yasin-ayari-697238\" rel=\"nofollow noopener\">Uppgifter: Brighton &amp; Hove Albion vill beh\u00e5lla Yasin Ayari <\/a><\/p>\n<p style=\"line-height: 1.38; margin-top: 0pt; margin-bottom: 0pt\"><img decoding=\"async\" src=\"https:\/\/www.europesays.com\/se\/wp-content\/uploads\/2026\/08\/2083820.jpg\"\/><\/p>\n<p>Ska Yasin Ayari dra eller stanna? <\/p>\n<p>Kommentera nedan! <\/p>\n","protected":false},"excerpt":{"rendered":"Den svenske unge (22 \u00e5r) mittf\u00e4ltaren Yasin Ayari gjorde en bra s\u00e4song f\u00f6r Brighton &amp; Hove Albion och&hellip;\n","protected":false},"author":2,"featured_media":352217,"comment_status":"","ping_status":"","sticky":false,"template":"","format":"standard","meta":{"footnotes":"","_share_on_mastodon":"0"},"categories":[68],"tags":[3711,159,39965,39968,39966,39565,33967,6913,31269,39967,2447,140,34,160,111,110,31,33,32,30,24183],"class_list":["post-352216","post","type-post","status-publish","format-standard","has-post-thumbnail","category-sport","tag-aik","tag-allsvenskan","tag-as-roma","tag-blackburn-rovers","tag-borussia-dortmund","tag-brighton-hove-albion","tag-bundesliga","tag-championship","tag-chelsea","tag-coventry-city","tag-liverpool","tag-premier-league","tag-se","tag-serie-a","tag-sport","tag-sports","tag-svenska","tag-sverige","tag-sweden","tag-swedish","tag-yasin-ayari"],"share_on_mastodon":{"url":"https:\/\/pubeurope.com\/@se\/117157418560169321","error":""},"_links":{"self":[{"href":"https:\/\/www.europesays.com\/se\/wp-json\/wp\/v2\/posts\/352216","targetHints":{"allow":["GET"]}}],"collection":[{"href":"https:\/\/www.europesays.com\/se\/wp-json\/wp\/v2\/posts"}],"about":[{"href":"https:\/\/www.europesays.com\/se\/wp-json\/wp\/v2\/types\/post"}],"author":[{"embeddable":true,"href":"https:\/\/www.europesays.com\/se\/wp-json\/wp\/v2\/users\/2"}],"replies":[{"embeddable":true,"href":"https:\/\/www.europesays.com\/se\/wp-json\/wp\/v2\/comments?post=352216"}],"version-history":[{"count":0,"href":"https:\/\/www.europesays.com\/se\/wp-json\/wp\/v2\/posts\/352216\/revisions"}],"wp:featuredmedia":[{"embeddable":true,"href":"https:\/\/www.europesays.com\/se\/wp-json\/wp\/v2\/media\/352217"}],"wp:attachment":[{"href":"https:\/\/www.europesays.com\/se\/wp-json\/wp\/v2\/media?parent=352216"}],"wp:term":[{"taxonomy":"category","embeddable":true,"href":"https:\/\/www.europesays.com\/se\/wp-json\/wp\/v2\/categories?post=352216"},{"taxonomy":"post_tag","embeddable":true,"href":"https:\/\/www.europesays.com\/se\/wp-json\/wp\/v2\/tags?post=352216"}],"curies":[{"name":"wp","href":"https:\/\/api.w.org\/{rel}","templated":true}]}}