{"id":352224,"date":"2026-08-25T17:58:12","date_gmt":"2026-08-25T17:58:12","guid":{"rendered":"https:\/\/www.europesays.com\/se\/352224\/"},"modified":"2026-08-25T17:58:12","modified_gmt":"2026-08-25T17:58:12","slug":"man-united-uppges-buda-pa-monica-jusu-bah-fotboll","status":"publish","type":"post","link":"https:\/\/www.europesays.com\/se\/352224\/","title":{"rendered":"Man United uppges buda p\u00e5 Monica Jusu Bah | Fotboll"},"content":{"rendered":"<p>Uppdaterad 25 aug 2026 kl 19.39Publicerad 25 aug 2026 kl 19.27<\/p>\n<p>\u00c4nnu en svenska i Manchester United?<\/p>\n<p>Klubben har lagt ett bud p\u00e5 Monica Jusu Bah, enligt <a href=\"https:\/\/www.nytimes.com\/athletic\/7537682\/2026\/08\/25\/monica-jusu-bah-man-utd-hacken-transfer\/?unlocked_article_code=1.8FA.GaCD.N9xiIid5Uu9t&amp;source=emp_shared_article&amp;smid=url-share-ta\" rel=\"nofollow noopener\" target=\"_blank\">The Athletic<\/a>.\u00a0<\/p>\n<p>Senaste sportklippen fr\u00e5n Expressen.<img   alt=\"\"\/><\/p>\n<p>Monica Jusu Bah.<\/p>\n<p>Foto: TOMMY HOLL \/ STELLA PICTURES<\/p>\n<p>\u00d6ppna bild i helsk\u00e4rm<img loading=\"lazy\"   alt=\"\"\/><\/p>\n<p>Monica Jusu Bah.<\/p>\n<p>Foto: Peter Hansson \/ Peter Hansson\/Stella Pictures \/ Stella Pictures<\/p>\n<p>\u00d6ppna bild i helsk\u00e4rm<\/p>\n<p>Om aff\u00e4ren g\u00e5r i l\u00e5s s\u00e4llar sig den 23-\u00e5riga yttern till en stor skara svenskor i Women&#8217;s Super League-laget.\u00a0<\/p>\n<p>Sedan tidigare spelar Fridolina Rolf\u00f6, Ellen Wangerheim, Julia Zigiotti Olme, Hanna Lundkvist och Anna Sandberg i Man United.\u00a0<\/p>\n<p>The Athletic skriver att det nu \u00e4r en \u201dprioritet\u201d att f\u00f6rst\u00e4rka truppen med en ytter, och att Jusu Bah st\u00e4mmer in p\u00e5 profilen.\u00a0<\/p>\n<p>\u201dAvg\u00f6rande\u201d<\/p>\n<p>Vidare kallar man en s\u00e5dan v\u00e4rvning \u201davg\u00f6rande\u201d f\u00f6r att konkurrera i toppen.\u00a0<\/p>\n<p>Jusu Bah flyttade fr\u00e5n Ume\u00e5 till H\u00e4cken 2023, och har sedan dess gjort 25 m\u00e5l p\u00e5 95 matcher f\u00f6r Hisingslaget. Hon har kontrakt till och med s\u00e4songen 2028.\u00a0<\/p>\n<p>F\u00f6r det svenska landslaget har hon spelat elva matcher och gjort ett m\u00e5l.\u00a0<\/p>\n<p><a href=\"https:\/\/www.expressen.se\/tagg\/organization\/manchester-united\/\" class=\"\" rel=\"nofollow noopener\" target=\"_blank\">Manchester United<\/a> slutade fyra i WSL f\u00f6rra s\u00e4songen. Klubben inleder den kommande s\u00e4songen mot Kosovare Asllanis London City Lionesses den 4 september.\u00a0<\/p>\n","protected":false},"excerpt":{"rendered":"Uppdaterad 25 aug 2026 kl 19.39Publicerad 25 aug 2026 kl 19.27 \u00c4nnu en svenska i Manchester United? Klubben&hellip;\n","protected":false},"author":2,"featured_media":352225,"comment_status":"","ping_status":"","sticky":false,"template":"","format":"standard","meta":{"footnotes":"","_share_on_mastodon":"0"},"categories":[68],"tags":[1555,138,926,34,111,110,31,33,32,30],"class_list":["post-352224","post","type-post","status-publish","format-standard","has-post-thumbnail","category-sport","tag-bk-hacken","tag-fotboll","tag-manchester-united","tag-se","tag-sport","tag-sports","tag-svenska","tag-sverige","tag-sweden","tag-swedish"],"share_on_mastodon":{"url":"https:\/\/pubeurope.com\/@se\/117157449399923505","error":""},"_links":{"self":[{"href":"https:\/\/www.europesays.com\/se\/wp-json\/wp\/v2\/posts\/352224","targetHints":{"allow":["GET"]}}],"collection":[{"href":"https:\/\/www.europesays.com\/se\/wp-json\/wp\/v2\/posts"}],"about":[{"href":"https:\/\/www.europesays.com\/se\/wp-json\/wp\/v2\/types\/post"}],"author":[{"embeddable":true,"href":"https:\/\/www.europesays.com\/se\/wp-json\/wp\/v2\/users\/2"}],"replies":[{"embeddable":true,"href":"https:\/\/www.europesays.com\/se\/wp-json\/wp\/v2\/comments?post=352224"}],"version-history":[{"count":0,"href":"https:\/\/www.europesays.com\/se\/wp-json\/wp\/v2\/posts\/352224\/revisions"}],"wp:featuredmedia":[{"embeddable":true,"href":"https:\/\/www.europesays.com\/se\/wp-json\/wp\/v2\/media\/352225"}],"wp:attachment":[{"href":"https:\/\/www.europesays.com\/se\/wp-json\/wp\/v2\/media?parent=352224"}],"wp:term":[{"taxonomy":"category","embeddable":true,"href":"https:\/\/www.europesays.com\/se\/wp-json\/wp\/v2\/categories?post=352224"},{"taxonomy":"post_tag","embeddable":true,"href":"https:\/\/www.europesays.com\/se\/wp-json\/wp\/v2\/tags?post=352224"}],"curies":[{"name":"wp","href":"https:\/\/api.w.org\/{rel}","templated":true}]}}