{"id":352234,"date":"2026-08-25T18:06:10","date_gmt":"2026-08-25T18:06:10","guid":{"rendered":"https:\/\/www.europesays.com\/se\/352234\/"},"modified":"2026-08-25T18:06:10","modified_gmt":"2026-08-25T18:06:10","slug":"sokte-skydd-pa-hotell-haglar-in-recensioner","status":"publish","type":"post","link":"https:\/\/www.europesays.com\/se\/352234\/","title":{"rendered":"S\u00f6kte skydd p\u00e5 hotell \u2013 haglar in recensioner"},"content":{"rendered":"<p>  <a class=\"_link_1lr5y_108\" href=\"https:\/\/aftonbladet.se\/av\/alexander-jonsson\" title=\"Alexander Jonsson\" rel=\"nofollow noopener\" target=\"_blank\"><img alt=\"Bild av Alexander Jonsson\" class=\"_image_1lr5y_85\" fetchpriority=\"low\" decoding=\"async\" itemprop=\"image\" loading=\"lazy\"  src=\"https:\/\/www.europesays.com\/se\/wp-content\/uploads\/2026\/08\/1787681169_146_1c3b889a-02c2-4870-b49a-c09d6332602f.png\"  width=\"480\"\/><\/a> <img alt=\"\" class=\"_image_1jxax_84 layout-component layout-wide\" data-fullscreen- data-track-element-type=\"Article image fullscreen\" data-track-name=\"ImageFullscreen\" fetchpriority=\"high\" decoding=\"sync\" loading=\"eager\" height=\"742\" itemprop=\"image\"  src=\"https:\/\/www.europesays.com\/se\/wp-content\/uploads\/2026\/08\/613f14a7-64d2-35b0-94b4-3c34a95ea302.png\"  style=\"object-position:0% 0%\" width=\"1417\"\/>  Foto: EurosportVisa mer<\/p>\n<p class=\"_textTheme_4io5p_1 _lead_16k26_2 _lead_3ue4t_18 layout-component layout-normal layout-padded _lead_o6m9k_5 _leadTheme_cypwp_1 body-large bold\">Cyklisterna i Vuelta a Espa\u00f1a s\u00f6kte skydd p\u00e5 ett franskt hotell. <\/p>\n<p class=\"_textTheme_4io5p_1 _lead_16k26_2 _lead_3ue4t_18 layout-component layout-normal layout-padded _lead_o6m9k_5 _leadTheme_cypwp_1 body-large bold\">Efter\u00e5t har det haglat in 1 000 positiva recensioner. <\/p>\n<p class=\"_textTheme_4io5p_1 _lead_16k26_2 _lead_3ue4t_18 layout-component layout-normal layout-padded _lead_o6m9k_5 _leadTheme_cypwp_1 body-large bold\">\u201dTveka inte p\u00e5 att ge dem fem stj\u00e4rnor\u201d, skriver cyklisten Julien Bernard p\u00e5 <a href=\"https:\/\/x.com\/JulienBernard17\/status\/2091970971594903881\" class=\"_link_16k26_32\" rel=\"nofollow\">X<\/a>. <\/p>\n<p class=\"_textTheme_4io5p_1 _paragraph_16k26_4 _paragraph_3ue4t_27 layout-component layout-normal layout-padded body-medium\">N\u00e4r hagelstormen drog in \u00f6ver franska Pyren\u00e9erna fick cyklisterna i Vuelta a Espa\u00f1a stanna och s\u00f6ka skydd. <\/p>\n<p class=\"_textTheme_4io5p_1 _paragraph_16k26_4 _paragraph_3ue4t_27 layout-component layout-normal layout-padded body-medium\">Det b\u00e4sta st\u00e4llet f\u00f6r att g\u00f6ra det blev Igesas hotell i Les Sorbiers. <\/p>\n<p class=\"_textTheme_4io5p_1 _paragraph_16k26_4 _paragraph_3ue4t_27 layout-component layout-normal layout-padded body-medium\">Personalen p\u00e5 hotellet var snabba med handdukar, godis, te och frukt till de bl\u00f6ta cyklisterna. <\/p>\n<p class=\"_textTheme_4io5p_1 _paragraph_16k26_4 _paragraph_3ue4t_27 layout-component layout-normal layout-padded body-medium\">Nu har hotellet har g\u00e5tt fr\u00e5n drygt 300 recensioner till n\u00e4rmare 1 300 , alla med toppbetyg. <\/p>\n<p class=\"_textTheme_4io5p_1 _paragraph_16k26_4 _paragraph_3ue4t_27 layout-component layout-normal layout-padded body-medium\">\u201dOm du \u00e4lskar att cykla \u00e4r detta hotellet som v\u00e4lkomnade oss under stormen. De kom med handdukar, te och frukt. Ett stort tack till hela personalteamet! Tveka inte att p\u00e5 ge dem fem stj\u00e4rnor\u201d, skriver cyklisten Julien Bernard p\u00e5 <a href=\"https:\/\/x.com\/JulienBernard17\/status\/2091970971594903881\" class=\"_link_16k26_32\" rel=\"nofollow\">X<\/a> och skickar med sin femstj\u00e4rniga recension. <\/p>\n<p> <img alt=\"\" class=\"_image_1jxax_84 layout-component layout-normal\" data-fullscreen- data-track-element-type=\"Article image fullscreen\" data-track-name=\"ImageFullscreen\" decoding=\"async\" loading=\"lazy\" height=\"692\" itemprop=\"image\"  src=\"https:\/\/www.europesays.com\/se\/wp-content\/uploads\/2026\/08\/1787681170_258_712331eb-6c6d-3379-84cb-081136a0e0a8.png\"  style=\"object-position:0% 0%\" width=\"1200\"\/> Foto: EurosportVisa mer <br \/>\u201d180 cyklister d\u00f6k upp oanm\u00e4lda\u201d <\/p>\n<p class=\"_textTheme_4io5p_1 _paragraph_16k26_4 _paragraph_3ue4t_27 layout-component layout-normal layout-padded body-medium\">Vissa av cyklisterna s\u00f6kte skydd under hustak eller i bilar men ryktet spred sig att det franska hotellet var det b\u00e4sta g\u00f6mst\u00e4llet.  <\/p>\n<p class=\"_textTheme_4io5p_1 _paragraph_16k26_4 _paragraph_3ue4t_27 layout-component layout-normal layout-padded body-medium\">\u201dPerfekt l\u00e4ge under hagelstormarna och de tillhandah\u00f6ll till och med handduksservice tv\u00e5 minuter efter att 180 cyklister d\u00f6k upp oanm\u00e4lda. De f\u00f6rtj\u00e4nar varenda stj\u00e4rna de kan f\u00e5\u201d, skriver Tobias Halland Johannessen enligt danska <a href=\"https:\/\/sport.tv2.dk\/cykling\/2026-08-25-anmeldelser-af-hotel-stikker-af-efter-aflyst-vuelta-etape\" class=\"_link_16k26_32\" rel=\"nofollow noopener\" target=\"_blank\">TV2<\/a>. <\/p>\n<p class=\"_textTheme_4io5p_1 _paragraph_16k26_4 _paragraph_3ue4t_27 layout-component layout-normal layout-padded body-medium\">\u201dOtroligt v\u00e4nlig och hj\u00e4lpsam personal!\u201d, skriver William Barta. <\/p>\n<p class=\"_textTheme_4io5p_1 _paragraph_16k26_4 _paragraph_3ue4t_27 layout-component layout-normal layout-padded body-medium\">\u201dDet \u00e4r verkligen imponerande hur de kunde ha varmt te, godis, frukt och handdukar redo p\u00e5 nolltid. Och plats f\u00f6r oss\u201d, skriver Magnus Cort.<\/p>\n<p> <img alt=\"\" class=\"_image_1jxax_84 layout-component layout-normal\" data-fullscreen- data-track-element-type=\"Article image fullscreen\" data-track-name=\"ImageFullscreen\" decoding=\"async\" loading=\"lazy\" height=\"904\" itemprop=\"image\"  src=\"https:\/\/www.europesays.com\/se\/wp-content\/uploads\/2026\/08\/1787681170_732_08e2757d-6265-3e18-9627-d268b13b2229.png\"  style=\"object-position:0% 0%\" width=\"1792\"\/> Foto: EurosportVisa mer Ingen segrare <\/p>\n<p class=\"_textTheme_4io5p_1 _paragraph_16k26_4 _paragraph_3ue4t_27 layout-component layout-normal layout-padded body-medium\">Hagelstormen brakade loss med bara 15 kilometer kvar av m\u00e5ndagens tredje etapp. <\/p>\n<p class=\"_textTheme_4io5p_1 _paragraph_16k26_4 _paragraph_3ue4t_27 layout-component layout-normal layout-padded body-medium\">Efter att cyklisterna sj\u00e4lva avbrutit loppet meddelade t\u00e4vlingsledarna att etappen st\u00e4lls in och att ingen segrare kommer utses. <\/p>\n<p class=\"_textTheme_4io5p_1 _paragraph_16k26_4 _paragraph_3ue4t_27 layout-component layout-normal layout-padded body-medium\">Vueltan forts\u00e4tter med den fj\u00e4rde etappen under tisdagen. Inf\u00f6r den leder Tadej Pogacar med nio sekunder ner till Wout van Aert. <\/p>\n","protected":false},"excerpt":{"rendered":"Foto: EurosportVisa mer Cyklisterna i Vuelta a Espa\u00f1a s\u00f6kte skydd p\u00e5 ett franskt hotell. Efter\u00e5t har det haglat&hellip;\n","protected":false},"author":2,"featured_media":352235,"comment_status":"","ping_status":"","sticky":false,"template":"","format":"standard","meta":{"footnotes":"","_share_on_mastodon":"0"},"categories":[68],"tags":[11231,34,111,110,31,33,32,30,39753],"class_list":["post-352234","post","type-post","status-publish","format-standard","has-post-thumbnail","category-sport","tag-cykel","tag-se","tag-sport","tag-sports","tag-svenska","tag-sverige","tag-sweden","tag-swedish","tag-vuelta-a-espana"],"share_on_mastodon":{"url":"https:\/\/pubeurope.com\/@se\/117157481521151648","error":""},"_links":{"self":[{"href":"https:\/\/www.europesays.com\/se\/wp-json\/wp\/v2\/posts\/352234","targetHints":{"allow":["GET"]}}],"collection":[{"href":"https:\/\/www.europesays.com\/se\/wp-json\/wp\/v2\/posts"}],"about":[{"href":"https:\/\/www.europesays.com\/se\/wp-json\/wp\/v2\/types\/post"}],"author":[{"embeddable":true,"href":"https:\/\/www.europesays.com\/se\/wp-json\/wp\/v2\/users\/2"}],"replies":[{"embeddable":true,"href":"https:\/\/www.europesays.com\/se\/wp-json\/wp\/v2\/comments?post=352234"}],"version-history":[{"count":0,"href":"https:\/\/www.europesays.com\/se\/wp-json\/wp\/v2\/posts\/352234\/revisions"}],"wp:featuredmedia":[{"embeddable":true,"href":"https:\/\/www.europesays.com\/se\/wp-json\/wp\/v2\/media\/352235"}],"wp:attachment":[{"href":"https:\/\/www.europesays.com\/se\/wp-json\/wp\/v2\/media?parent=352234"}],"wp:term":[{"taxonomy":"category","embeddable":true,"href":"https:\/\/www.europesays.com\/se\/wp-json\/wp\/v2\/categories?post=352234"},{"taxonomy":"post_tag","embeddable":true,"href":"https:\/\/www.europesays.com\/se\/wp-json\/wp\/v2\/tags?post=352234"}],"curies":[{"name":"wp","href":"https:\/\/api.w.org\/{rel}","templated":true}]}}