{"id":352262,"date":"2026-08-25T18:26:15","date_gmt":"2026-08-25T18:26:15","guid":{"rendered":"https:\/\/www.europesays.com\/se\/352262\/"},"modified":"2026-08-25T18:26:15","modified_gmt":"2026-08-25T18:26:15","slug":"fn-och-roda-korset-kraver-begransa-mordarrobotar","status":"publish","type":"post","link":"https:\/\/www.europesays.com\/se\/352262\/","title":{"rendered":"FN och R\u00f6da korset kr\u00e4ver: Begr\u00e4nsa m\u00f6rdarrobotar"},"content":{"rendered":"<p>FN och R\u00f6da korset vill se internationell reglering f\u00f6r att undvika att s\u00e5 kallade m\u00f6rdarrobotar v\u00e4nder sig mot m\u00e4nniskor. Det rapporterar AFP. <\/p>\n<p>\u201dVi \u00e4r farligt n\u00e4ra att korsa en moralisk r\u00f6d linje: att maskiner utser m\u00e4nniskor till m\u00e5ltavlor\u201d, skriver FN:s generalsekreterare Ant\u00f3nio Guterres och R\u00f6da korsets ordf\u00f6rande Mirjana Spoljaric i ett uttalande. <\/p>\n<p>Enligt dem har den tekniska utvecklingen g\u00e5tt om den existerande internationella lagstiftningen, skriver AP. <\/p>\n<p>Autonoma vapensystem identifierar och anfaller m\u00e5l utan beslut eller styrning fr\u00e5n en m\u00e4nniska. \u00c4n s\u00e5 l\u00e4nge har de inte anv\u00e4nts direkt mot m\u00e4nniskor, uppger experter f\u00f6r AFP, men det finns farh\u00e5gor om att det ska ske.<\/p>\n<p>I november ska l\u00e4nderna inom FN:s konvention om vissa konventionella vapen besluta om de ska inleda f\u00f6rhandlingar om ett internationellt regelverk f\u00f6r vapensystemen. <\/p>\n<p>Omni \u00e4r politiskt obundna och oberoende. Vi str\u00e4var efter att ge fler perspektiv p\u00e5 nyheterna. Har du fr\u00e5gor eller synpunkter kring v\u00e5r rapportering? <a href=\"https:\/\/omni.se\/fn-och-roda-korset-kraver-begransa-mordarrobotar\/a\/mailto:redaktion@omni.se\" class=\"ArticleActions-module-scss-module__w9u9BG__contactLink\" rel=\"nofollow noopener\" target=\"_blank\">Kontakta redaktionen<\/a><\/p>\n","protected":false},"excerpt":{"rendered":"FN och R\u00f6da korset vill se internationell reglering f\u00f6r att undvika att s\u00e5 kallade m\u00f6rdarrobotar v\u00e4nder sig mot&hellip;\n","protected":false},"author":2,"featured_media":352263,"comment_status":"","ping_status":"","sticky":false,"template":"","format":"standard","meta":{"footnotes":"","_share_on_mastodon":"0"},"categories":[14],"tags":[3196,466,22,23,333,26,27,2150,17,21,334,24,25,28,29,15,16,6533,18,34,31,33,32,30,19,20,51,52,53,54],"class_list":["post-352262","post","type-post","status-publish","format-standard","has-post-thumbnail","category-varlden","tag-antonio-guterres","tag-artificiell-intelligens","tag-breaking-news","tag-breakingnews","tag-data","tag-featured-news","tag-featurednews","tag-fn","tag-headlines","tag-huvudnyheter","tag-it-hogteknologi","tag-latest-news","tag-latestnews","tag-main-news","tag-mainnews","tag-news","tag-nyheter","tag-roda-korset","tag-rubriker","tag-se","tag-svenska","tag-sverige","tag-sweden","tag-swedish","tag-top-stories","tag-topstories","tag-varlden","tag-world","tag-world-news","tag-worldnews"],"share_on_mastodon":{"url":"https:\/\/pubeurope.com\/@se\/117157559528500530","error":""},"_links":{"self":[{"href":"https:\/\/www.europesays.com\/se\/wp-json\/wp\/v2\/posts\/352262","targetHints":{"allow":["GET"]}}],"collection":[{"href":"https:\/\/www.europesays.com\/se\/wp-json\/wp\/v2\/posts"}],"about":[{"href":"https:\/\/www.europesays.com\/se\/wp-json\/wp\/v2\/types\/post"}],"author":[{"embeddable":true,"href":"https:\/\/www.europesays.com\/se\/wp-json\/wp\/v2\/users\/2"}],"replies":[{"embeddable":true,"href":"https:\/\/www.europesays.com\/se\/wp-json\/wp\/v2\/comments?post=352262"}],"version-history":[{"count":0,"href":"https:\/\/www.europesays.com\/se\/wp-json\/wp\/v2\/posts\/352262\/revisions"}],"wp:featuredmedia":[{"embeddable":true,"href":"https:\/\/www.europesays.com\/se\/wp-json\/wp\/v2\/media\/352263"}],"wp:attachment":[{"href":"https:\/\/www.europesays.com\/se\/wp-json\/wp\/v2\/media?parent=352262"}],"wp:term":[{"taxonomy":"category","embeddable":true,"href":"https:\/\/www.europesays.com\/se\/wp-json\/wp\/v2\/categories?post=352262"},{"taxonomy":"post_tag","embeddable":true,"href":"https:\/\/www.europesays.com\/se\/wp-json\/wp\/v2\/tags?post=352262"}],"curies":[{"name":"wp","href":"https:\/\/api.w.org\/{rel}","templated":true}]}}