{"id":352334,"date":"2026-08-25T19:28:10","date_gmt":"2026-08-25T19:28:10","guid":{"rendered":"https:\/\/www.europesays.com\/se\/352334\/"},"modified":"2026-08-25T19:28:10","modified_gmt":"2026-08-25T19:28:10","slug":"apple-lanserar-nya-mac-mini-och-mac-studio-med-kraftigare-ai-chip-2","status":"publish","type":"post","link":"https:\/\/www.europesays.com\/se\/352334\/","title":{"rendered":"Apple lanserar nya Mac mini och Mac Studio med kraftigare AI-chip"},"content":{"rendered":"<p class=\"font-sans text-base text-text-main dark:text-text-main-dark font-normal leading-[1.4]\">Teknikj\u00e4tten Apple lanserar chipen M6 och M5 Ultra tillsammans med nya versioner av Mac mini och Mac Studio. M6 \u00e4r Apples f\u00f6rsta chip tillverkat med 2-nanometersteknik och produceras av TSMC.\n <\/p>\n<p>M6 f\u00e5r bland annat en 12-k\u00e4rnig processor och grafikprocessor samt dubbla 16-k\u00e4rniga Neural Engines. M5 Ultra beskrivs som Apples hittills kraftfullaste chip och \u00e4r s\u00e4rskilt inriktat p\u00e5 avancerade AI-ber\u00e4kningar.\n <\/p>\n<p>Nya Mac mini kostar fr\u00e5n 899 dollar, 100 dollar mer \u00e4n f\u00f6reg\u00e5ende modell. Mac Studio med M5 Max kostar fr\u00e5n 2 499 dollar och med M5 Ultra fr\u00e5n 5 499 dollar. Datorerna b\u00f6rjar levereras den 22 september.<br \/>\n <br class=\"col-start-2\"\/><\/p>\n<p class=\"font-sans text-base text-text-main dark:text-text-main-dark font-normal leading-[1.4]\">Stefan Linn\u00e9r<br \/>\n <br class=\"col-start-2\"\/><br \/>\n stefan.linner@finwire.se<br \/>\n <br class=\"col-start-2\"\/><br \/>\n Nyhetsbyr\u00e5n Finwire<\/p>\n","protected":false},"excerpt":{"rendered":"Teknikj\u00e4tten Apple lanserar chipen M6 och M5 Ultra tillsammans med nya versioner av Mac mini och Mac Studio.&hellip;\n","protected":false},"author":2,"featured_media":352335,"comment_status":"","ping_status":"","sticky":false,"template":"","format":"standard","meta":{"footnotes":"","_share_on_mastodon":"0"},"categories":[66],"tags":[391,80,78,79,34,31,33,32,30,81,84,83,82],"class_list":["post-352334","post","type-post","status-publish","format-standard","has-post-thumbnail","category-vetenskap-och-teknik","tag-apple","tag-science","tag-science-and-technology","tag-scienceandtechnology","tag-se","tag-svenska","tag-sverige","tag-sweden","tag-swedish","tag-technology","tag-teknik","tag-vetenskap","tag-vetenskapteknik"],"share_on_mastodon":{"url":"https:\/\/pubeurope.com\/@se\/117157803129824416","error":""},"_links":{"self":[{"href":"https:\/\/www.europesays.com\/se\/wp-json\/wp\/v2\/posts\/352334","targetHints":{"allow":["GET"]}}],"collection":[{"href":"https:\/\/www.europesays.com\/se\/wp-json\/wp\/v2\/posts"}],"about":[{"href":"https:\/\/www.europesays.com\/se\/wp-json\/wp\/v2\/types\/post"}],"author":[{"embeddable":true,"href":"https:\/\/www.europesays.com\/se\/wp-json\/wp\/v2\/users\/2"}],"replies":[{"embeddable":true,"href":"https:\/\/www.europesays.com\/se\/wp-json\/wp\/v2\/comments?post=352334"}],"version-history":[{"count":0,"href":"https:\/\/www.europesays.com\/se\/wp-json\/wp\/v2\/posts\/352334\/revisions"}],"wp:featuredmedia":[{"embeddable":true,"href":"https:\/\/www.europesays.com\/se\/wp-json\/wp\/v2\/media\/352335"}],"wp:attachment":[{"href":"https:\/\/www.europesays.com\/se\/wp-json\/wp\/v2\/media?parent=352334"}],"wp:term":[{"taxonomy":"category","embeddable":true,"href":"https:\/\/www.europesays.com\/se\/wp-json\/wp\/v2\/categories?post=352334"},{"taxonomy":"post_tag","embeddable":true,"href":"https:\/\/www.europesays.com\/se\/wp-json\/wp\/v2\/tags?post=352334"}],"curies":[{"name":"wp","href":"https:\/\/api.w.org\/{rel}","templated":true}]}}