{"id":352376,"date":"2026-08-25T20:22:15","date_gmt":"2026-08-25T20:22:15","guid":{"rendered":"https:\/\/www.europesays.com\/se\/352376\/"},"modified":"2026-08-25T20:22:15","modified_gmt":"2026-08-25T20:22:15","slug":"trump-hotade-med-tullar-och-raddade-mark-carney","status":"publish","type":"post","link":"https:\/\/www.europesays.com\/se\/352376\/","title":{"rendered":"Trump hotade med tullar \u2013 och r\u00e4ddade Mark Carney"},"content":{"rendered":"<p>  <a href=\"https:\/\/www.svd.se\/av\/goran-eriksson\" title=\"G\u00f6ran Eriksson\" rel=\"nofollow noopener\" target=\"_blank\"><img decoding=\"async\" alt=\"G\u00f6ran Eriksson\" class=\"_image_12vp2_69\" loading=\"lazy\"  src=\"https:\/\/www.europesays.com\/se\/wp-content\/uploads\/2026\/08\/d2667f03-3da3-4ce9-9d38-f90af68689ea.png\"  width=\"40\"\/><\/a><img alt=\"Mark Carney liknar folkomr\u00f6stningen i Alberta vid Brexit. Carney var chef f\u00f6r Bank of England n\u00e4r britterna r\u00f6stade f\u00f6r att l\u00e4mna EU.\" class=\"_image_1jxax_84 layout-component layout-wide\" data-fullscreen- data-track-element-type=\"Article image fullscreen\" data-track-name=\"ImageFullscreen\" fetchpriority=\"high\" decoding=\"sync\" loading=\"eager\" height=\"1177\" itemprop=\"image\"  src=\"https:\/\/www.europesays.com\/se\/wp-content\/uploads\/2026\/08\/4b0e6ef8-edf4-31bb-b1f2-2b14575576b2.jpeg\"  style=\"object-position:0% 0%\" width=\"1383\"\/>Mark Carney liknar folkomr\u00f6stningen i Alberta vid Brexit. Carney var chef f\u00f6r Bank of England n\u00e4r britterna r\u00f6stade f\u00f6r att l\u00e4mna EU.  Foto: Jacques Boissinot  \/AP\/TTVisa mer<\/p>\n<p class=\"_textTheme_zldsx_1 _lead_16k26_2 _lead_3ue4t_18 layout-component layout-normal layout-padded _lead_o6m9k_5 _leadTheme_1q6sv_1 body-large bold\">Hotet fr\u00e5n Donald Trump r\u00e4ddade jobbet \u00e5t Kanadas premi\u00e4rminister Mark Carney. Och det nya tullkriget med USA kan p\u00e5verka v\u00e4ljarna i kanadensiska Alberta, som i oktober r\u00f6star om provinsens sj\u00e4lvst\u00e4ndighet.     <\/p>\n<p class=\"_textTheme_zldsx_1 _paragraph_16k26_4 _paragraph_3ue4t_27 layout-component layout-normal\">Detta \u00e4r en kommentar. Eventuella \u00e5sikter som uttrycks \u00e4r skribentens egna.<\/p>\n<p class=\"_textTheme_zldsx_1 _paragraph_16k26_4 _paragraph_3ue4t_27 layout-component layout-normal layout-padded body-medium\">Donald Trump \u00f6verv\u00e4ger att d\u00f6pa om Lake Ontario, p\u00e5 gr\u00e4nsen mellan USA och Kanada, till Lake America. Varf\u00f6r? USA r\u00e4knar enligt Trump inte med att g\u00f6ra mycket aff\u00e4rer med den kanadensiska provinsen Ontario i framtiden.<\/p>\n<p class=\"_textTheme_zldsx_1 _paragraph_16k26_4 _paragraph_3ue4t_27 layout-component layout-normal layout-padded body-medium\">Trump p\u00e5verkar ibland kanadensisk politik mer \u00e4n Kanadas egna politiker, men kanske inte alltid med ett utfall som gynnar honom sj\u00e4lv. Det betraktas som ett faktum att Trumps comeback i Vita huset 2025 p\u00e5verkade valresultatet i Kanada n\u00e5gra m\u00e5nader senare. <\/p>\n<p class=\"_textTheme_zldsx_1 _paragraph_16k26_4 _paragraph_3ue4t_27 layout-component layout-normal layout-padded body-medium\">Den nyvalde Trump pratade om att USA subventionerade Kanadas ekonomi och f\u00f6rsvar med j\u00e4ttebelopp \u2013 och ville g\u00f6ra landet till USA:s 51:a delstat. Han hotade med tullar som permanent skulle sl\u00e5 ut Kanadas bilindustri. I ett inl\u00e4gg p\u00e5 Truth Social lovade han \u00e4nd\u00e5 gener\u00f6st att Kanada skulle f\u00e5 beh\u00e5lla sin nationals\u00e5ng: \u201dO Canada kommer att forts\u00e4tta att spelas, men nu som hymn f\u00f6r en STOR och M\u00c4KTIG DELSTAT inom den st\u00f6rsta nation som v\u00e4rlden n\u00e5gonsin har sk\u00e5dat!\u201d<\/p>\n<p class=\"_textTheme_zldsx_1 _paragraph_16k26_4 _paragraph_3ue4t_27 layout-component layout-normal layout-padded body-medium\"><strong class=\"_strong_16k26_20\">Trumps offensiv v\u00e4ckte<\/strong> starka nationalistiska k\u00e4nslor i Kanada, och det nederlagstippade liberala partiet vann valet f\u00f6rra v\u00e5ren. Mark Carney kunde forts\u00e4tta som premi\u00e4rminister \u2013 och han har sedan varit en av de utl\u00e4ndska regeringschefer som tydligast har utmanat den amerikanske presidenten.<\/p>\n<p class=\"_textTheme_zldsx_1 _paragraph_16k26_4 _paragraph_3ue4t_27 layout-component layout-normal layout-padded body-medium\">Sammanbrottet i tullf\u00f6rhandlingarna i fredags, och det kanadensiska svaret med egna tullar \u201ddollar f\u00f6r dollar\u201d \u00e4r ett uttryck f\u00f6r Carneys h\u00e5rda linje. Som verkligen inte \u00e4r utan risker, eftersom Kanadas ekonomi \u00e4r extremt beroende av exporten till USA. <\/p>\n<p class=\"_textTheme_zldsx_1 _paragraph_16k26_4 _paragraph_3ue4t_27 layout-component layout-normal layout-padded body-medium\">Men Mark Carney har allts\u00e5 personlig erfarenhet av att en uppskruvad konflikt med Donald Trump kan f\u00f6r\u00e4ndra spelplanen i kanadensisk politik, och g\u00f6ra det till hans f\u00f6rdel. Den offensiva trumpismen gav Carney makten i Kanada.<\/p>\n<p class=\"_textTheme_zldsx_1 _paragraph_16k26_4 _paragraph_3ue4t_27 layout-component layout-normal layout-padded body-medium\">Just nu kretsar mycket av den politiska diskussionen i Kanada kring den kommande folkomr\u00f6stningen i provinsen Alberta. Den handlar om ifall Alberta ska f\u00f6rbli en provins i Kanada, eller inleda en process som kan leda till en ny \u2013 bindande \u2013 folkomr\u00f6stning om att bli sj\u00e4lvst\u00e4ndigt.<\/p>\n<p class=\"_textTheme_zldsx_1 _paragraph_16k26_4 _paragraph_3ue4t_27 layout-component layout-normal layout-padded body-medium\">Mark Carney har kallat processen i Alberta f\u00f6r en farlig bluff och liknat den vid Brexit. Carney var chef f\u00f6r Bank of England n\u00e4r britterna r\u00f6stade f\u00f6r att l\u00e4mna EU. Han har allts\u00e5 erfarenhet av att hantera dramatiska ekonomiska konsekvenser av folkomr\u00f6stningar.<\/p>\n<p class=\"_textTheme_zldsx_1 _paragraph_16k26_4 _paragraph_3ue4t_27 layout-component layout-normal layout-padded body-medium\">Det \u00e4r inte troligt att regeringen i Ottawa v\u00e4ljer att utl\u00f6sa ett tullkrig med USA f\u00f6r att p\u00e5verka utfallet i omr\u00f6stningen. Men om konflikten med amerikanerna forts\u00e4tter n\u00e4r Alberta r\u00f6star den 19 oktober har det uppenbara f\u00f6ruts\u00e4ttningar att p\u00e5verka resultatet.<\/p>\n<p class=\"_textTheme_zldsx_1 _paragraph_16k26_4 _paragraph_3ue4t_27 layout-component layout-normal layout-padded body-medium\"><strong class=\"_strong_16k26_20\">En Trumpeffekt <\/strong>i Alberta kan ocks\u00e5 g\u00e5 i tv\u00e5 olika riktningar. Det mest troliga \u00e4r nog att den st\u00e4rker en kanadensiska nationalismen ytterligare, och gynnar den sida som vill att provinsen ska stanna i Kanada \u2013 det \u00e4r l\u00e4tt f\u00f6r \u201dstay-sidan\u201d att beskriva riskerna f\u00f6r Alberta att p\u00e5 egen hand m\u00f6ta hot fr\u00e5n USA.<\/p>\n<p class=\"_textTheme_zldsx_1 _paragraph_16k26_4 _paragraph_3ue4t_27 layout-component layout-normal layout-padded body-medium\">Men Alberta \u00e4r styrt av konservativa och Mark Carney sj\u00e4lv \u00e4r mindre popul\u00e4r d\u00e4r \u00e4n i landet som helhet. Det finns ocks\u00e5 en \u2013 inte s\u00e4rskilt stark \u2013 r\u00f6relse i Alberta som faktiskt vill g\u00f6ra som Trump, och ansluta provinsen till USA. <\/p>\n<p class=\"_textTheme_zldsx_1 _paragraph_16k26_4 _paragraph_3ue4t_27 layout-component layout-normal layout-padded body-medium\">Den sida som vill ha ett sj\u00e4lvst\u00e4ndigt Alberta kan f\u00f6rst\u00e5s beskriva situationen som att regeringen i Ottawa drar in provinsen i sitt tullkrig med USA. Och h\u00e4vda att ett sj\u00e4lvst\u00e4ndigt Alberta skulle kunna f\u00f6rhandla fram ett f\u00f6rdelaktigt avtal med USA.<\/p>\n<p class=\"_textTheme_zldsx_1 _paragraph_16k26_4 _paragraph_3ue4t_27 layout-component layout-normal layout-padded body-medium\">Effekten av ett utdraget tullkrig \u00e4r allts\u00e5 inte given. Men det kan leda till att Trump r\u00e4ddar Mark Carney igen \u2013 den h\u00e4r g\u00e5ngen fr\u00e5n att se sin nation slitas s\u00f6nder.  <\/p>\n","protected":false},"excerpt":{"rendered":"Mark Carney liknar folkomr\u00f6stningen i Alberta vid Brexit. Carney var chef f\u00f6r Bank of England n\u00e4r britterna r\u00f6stade&hellip;\n","protected":false},"author":2,"featured_media":352377,"comment_status":"","ping_status":"","sticky":false,"template":"","format":"standard","meta":{"footnotes":"","_share_on_mastodon":"0"},"categories":[5],"tags":[22,23,385,26,27,17,21,1091,5197,24,25,28,29,4971,15,16,18,34,22712,31,33,32,30,19,20],"class_list":["post-352376","post","type-post","status-publish","format-standard","has-post-thumbnail","category-rubriker","tag-breaking-news","tag-breakingnews","tag-donald-trump","tag-featured-news","tag-featurednews","tag-headlines","tag-huvudnyheter","tag-kanada","tag-kanadensisk-politik","tag-latest-news","tag-latestnews","tag-main-news","tag-mainnews","tag-mark-carney","tag-news","tag-nyheter","tag-rubriker","tag-se","tag-svd-fokus-utrikes","tag-svenska","tag-sverige","tag-sweden","tag-swedish","tag-top-stories","tag-topstories"],"share_on_mastodon":{"url":"https:\/\/pubeurope.com\/@se\/117158016283235163","error":""},"_links":{"self":[{"href":"https:\/\/www.europesays.com\/se\/wp-json\/wp\/v2\/posts\/352376","targetHints":{"allow":["GET"]}}],"collection":[{"href":"https:\/\/www.europesays.com\/se\/wp-json\/wp\/v2\/posts"}],"about":[{"href":"https:\/\/www.europesays.com\/se\/wp-json\/wp\/v2\/types\/post"}],"author":[{"embeddable":true,"href":"https:\/\/www.europesays.com\/se\/wp-json\/wp\/v2\/users\/2"}],"replies":[{"embeddable":true,"href":"https:\/\/www.europesays.com\/se\/wp-json\/wp\/v2\/comments?post=352376"}],"version-history":[{"count":0,"href":"https:\/\/www.europesays.com\/se\/wp-json\/wp\/v2\/posts\/352376\/revisions"}],"wp:featuredmedia":[{"embeddable":true,"href":"https:\/\/www.europesays.com\/se\/wp-json\/wp\/v2\/media\/352377"}],"wp:attachment":[{"href":"https:\/\/www.europesays.com\/se\/wp-json\/wp\/v2\/media?parent=352376"}],"wp:term":[{"taxonomy":"category","embeddable":true,"href":"https:\/\/www.europesays.com\/se\/wp-json\/wp\/v2\/categories?post=352376"},{"taxonomy":"post_tag","embeddable":true,"href":"https:\/\/www.europesays.com\/se\/wp-json\/wp\/v2\/tags?post=352376"}],"curies":[{"name":"wp","href":"https:\/\/api.w.org\/{rel}","templated":true}]}}