{"id":352384,"date":"2026-08-25T20:30:13","date_gmt":"2026-08-25T20:30:13","guid":{"rendered":"https:\/\/www.europesays.com\/se\/352384\/"},"modified":"2026-08-25T20:30:13","modified_gmt":"2026-08-25T20:30:13","slug":"unalive-istallet-for-doda-alla-forstar-utom-tiktoks-filter","status":"publish","type":"post","link":"https:\/\/www.europesays.com\/se\/352384\/","title":{"rendered":"\u201dUnalive\u201d ist\u00e4llet f\u00f6r \u201dd\u00f6da\u201d \u2013\u00a0alla f\u00f6rst\u00e5r utom Tiktoks filter"},"content":{"rendered":"<p>Luckorna \u00e4r enorma i Tiktoks filter som ska stoppa v\u00e5ldsf\u00f6rh\u00e4rligande inneh\u00e5ll som det den misst\u00e4nkte Fagerstam\u00f6rdaren tros ha tittat p\u00e5 och spridit. Det r\u00e4cker med enkla omskrivningar, som \u201dunalive\u201d i st\u00e4llet f\u00f6r \u201dd\u00f6da\u201d, f\u00f6r att lura filtret, enligt SvD:s techanalytiker Bj\u00f6rn Jeffrey. <\/p>\n<p>\u201d\u00c4nd\u00e5 s\u00e4ger bolaget upp hundratals moderatorer och l\u00e5ter automatiserade system ta \u00f6ver mer av arbetet\u201d, skriver han.  <\/p>\n<p>300 stycken har nyligen f\u00e5tt sparken, enligt The Independent. <\/p>\n<p>Nazistiskt och v\u00e5ldsf\u00f6rh\u00e4rligande inneh\u00e5ll visas f\u00f6r vanliga anv\u00e4ndare efter minuter p\u00e5 plattformen, visar SR P3 Nyheter i en granskning. <\/p>\n<p>\u2013 De vill f\u00e5nga v\u00e5r uppm\u00e4rksamhet och de vill f\u00e5nga v\u00e5r data. F\u00f6r att det \u00e4r s\u00e5 som de h\u00e4r plattformarna tj\u00e4nar pengar, s\u00e4ger Petter T\u00f6rnberg, forskare om h\u00f6gerextrema milj\u00f6er p\u00e5 sociala medier, till kanalen. <\/p>\n<p>\u00c4ven Helena Josefson p\u00e5 Center mot v\u00e5ldsbejakande extremism anser att plattformen brister i moderering och driver trafik mot extremt inneh\u00e5ll. <\/p>\n<p>\u2013 Det b\u00f6rjar med en meme och inom en kvart har du hamnat i en ekokammare med v\u00e5ldsf\u00f6rh\u00e4rligande inneh\u00e5ll, s\u00e4ger hon till SVT Nyheter V\u00e4stmanland. <\/p>\n<p>Omni \u00e4r politiskt obundna och oberoende. Vi str\u00e4var efter att ge fler perspektiv p\u00e5 nyheterna. Har du fr\u00e5gor eller synpunkter kring v\u00e5r rapportering? <a href=\"https:\/\/omni.se\/unalive-istallet-for-doda-alla-forstar-utom-tiktoks-filter\/a\/mailto:redaktion@omni.se\" class=\"ArticleActions-module-scss-module__w9u9BG__contactLink\" rel=\"nofollow noopener\" target=\"_blank\">Kontakta redaktionen<\/a><\/p>\n","protected":false},"excerpt":{"rendered":"Luckorna \u00e4r enorma i Tiktoks filter som ska stoppa v\u00e5ldsf\u00f6rh\u00e4rligande inneh\u00e5ll som det den misst\u00e4nkte Fagerstam\u00f6rdaren tros ha&hellip;\n","protected":false},"author":2,"featured_media":352385,"comment_status":"","ping_status":"","sticky":false,"template":"","format":"standard","meta":{"footnotes":"","_share_on_mastodon":"0"},"categories":[5],"tags":[15397,22,23,39973,333,26,27,17,21,334,24,25,28,29,15,16,18,34,39377,31,33,32,30,19,20],"class_list":["post-352384","post","type-post","status-publish","format-standard","has-post-thumbnail","category-rubriker","tag-explainer-bullet","tag-breaking-news","tag-breakingnews","tag-center-mot-valdsbejakande-extremism-cve","tag-data","tag-featured-news","tag-featurednews","tag-headlines","tag-huvudnyheter","tag-it-hogteknologi","tag-latest-news","tag-latestnews","tag-main-news","tag-mainnews","tag-news","tag-nyheter","tag-rubriker","tag-se","tag-skoldadet-i-fagersta","tag-svenska","tag-sverige","tag-sweden","tag-swedish","tag-top-stories","tag-topstories"],"share_on_mastodon":{"url":"https:\/\/pubeurope.com\/@se\/117158046895125241","error":""},"_links":{"self":[{"href":"https:\/\/www.europesays.com\/se\/wp-json\/wp\/v2\/posts\/352384","targetHints":{"allow":["GET"]}}],"collection":[{"href":"https:\/\/www.europesays.com\/se\/wp-json\/wp\/v2\/posts"}],"about":[{"href":"https:\/\/www.europesays.com\/se\/wp-json\/wp\/v2\/types\/post"}],"author":[{"embeddable":true,"href":"https:\/\/www.europesays.com\/se\/wp-json\/wp\/v2\/users\/2"}],"replies":[{"embeddable":true,"href":"https:\/\/www.europesays.com\/se\/wp-json\/wp\/v2\/comments?post=352384"}],"version-history":[{"count":0,"href":"https:\/\/www.europesays.com\/se\/wp-json\/wp\/v2\/posts\/352384\/revisions"}],"wp:featuredmedia":[{"embeddable":true,"href":"https:\/\/www.europesays.com\/se\/wp-json\/wp\/v2\/media\/352385"}],"wp:attachment":[{"href":"https:\/\/www.europesays.com\/se\/wp-json\/wp\/v2\/media?parent=352384"}],"wp:term":[{"taxonomy":"category","embeddable":true,"href":"https:\/\/www.europesays.com\/se\/wp-json\/wp\/v2\/categories?post=352384"},{"taxonomy":"post_tag","embeddable":true,"href":"https:\/\/www.europesays.com\/se\/wp-json\/wp\/v2\/tags?post=352384"}],"curies":[{"name":"wp","href":"https:\/\/api.w.org\/{rel}","templated":true}]}}