{"id":353254,"date":"2026-08-26T13:22:10","date_gmt":"2026-08-26T13:22:10","guid":{"rendered":"https:\/\/www.europesays.com\/se\/353254\/"},"modified":"2026-08-26T13:22:10","modified_gmt":"2026-08-26T13:22:10","slug":"evyatar-satt-gisslan-i-tre-ar-israel-gor-inte-tillrackligt-for-oss","status":"publish","type":"post","link":"https:\/\/www.europesays.com\/se\/353254\/","title":{"rendered":"Evyatar satt gisslan i tre \u00e5r: \u201dIsrael g\u00f6r inte tillr\u00e4ckligt f\u00f6r oss\u201d"},"content":{"rendered":"<p>25-\u00e5rige Evyatar David var en av de sista israeliska gisslan som sl\u00e4pptes fr\u00e5n Gaza efter att parterna skrivit under vapenvilan i fjol. Ett \u00e5r senare \u00e4r han kritisk till den israeliska staten, som han menar inte g\u00f6r tillr\u00e4ckligt f\u00f6r dem som tidigare suttit gisslan.<\/p>\n<p>\u2013 Jag hoppas att n\u00e4sta regering g\u00f6r ett b\u00e4ttre jobb. Jag vet inte vilken regering det blir, men jag litar p\u00e5 att den kommer att g\u00f6ra b\u00e4ttre ifr\u00e5n sig, s\u00e4ger han till CNN.<\/p>\n<p>Evyatar David kidnappades tillsammans med sin b\u00e4sta v\u00e4n fr\u00e5n musikfestivalen Nova i oktober 2023. Hans historia uppm\u00e4rksammades v\u00e4rlden \u00f6ver f\u00f6rra \u00e5ret efter att Hamas sl\u00e4ppte en propagandavideo d\u00e4r de tvingade honom att gr\u00e4va sin egen grav. I videon var David helt utm\u00e4rglad.<\/p>\n<p>David ber\u00e4ttar att han levde under extrem sv\u00e4lt m\u00e5naderna innan videon spelades in och att det var vakterna som ber\u00e4ttade f\u00f6r honom vad han skulle g\u00f6ra under inspelningen.<\/p>\n<p>Omni \u00e4r politiskt obundna och oberoende. Vi str\u00e4var efter att ge fler perspektiv p\u00e5 nyheterna. Har du fr\u00e5gor eller synpunkter kring v\u00e5r rapportering? <a href=\"https:\/\/omni.se\/evyatar-satt-gisslan-i-tre-ar-israel-gor-inte-tillrackligt-for-oss\/a\/mailto:redaktion@omni.se\" class=\"ArticleActions-module-scss-module__w9u9BG__contactLink\" rel=\"nofollow noopener\" target=\"_blank\">Kontakta redaktionen<\/a><\/p>\n","protected":false},"excerpt":{"rendered":"25-\u00e5rige Evyatar David var en av de sista israeliska gisslan som sl\u00e4pptes fr\u00e5n Gaza efter att parterna skrivit&hellip;\n","protected":false},"author":2,"featured_media":353255,"comment_status":"","ping_status":"","sticky":false,"template":"","format":"standard","meta":{"footnotes":"","_share_on_mastodon":"0"},"categories":[14],"tags":[22,23,26,27,121,122,17,21,342,5595,24,25,28,29,124,125,15,16,123,18,34,31,33,32,30,19,20,51,52,53,54],"class_list":["post-353254","post","type-post","status-publish","format-standard","has-post-thumbnail","category-varlden","tag-breaking-news","tag-breakingnews","tag-featured-news","tag-featurednews","tag-gaza","tag-hamas","tag-headlines","tag-huvudnyheter","tag-israel","tag-israelisk-politik","tag-latest-news","tag-latestnews","tag-main-news","tag-mainnews","tag-mellanostern","tag-mellanosternkrisen","tag-news","tag-nyheter","tag-palestina","tag-rubriker","tag-se","tag-svenska","tag-sverige","tag-sweden","tag-swedish","tag-top-stories","tag-topstories","tag-varlden","tag-world","tag-world-news","tag-worldnews"],"share_on_mastodon":{"url":"","error":""},"_links":{"self":[{"href":"https:\/\/www.europesays.com\/se\/wp-json\/wp\/v2\/posts\/353254","targetHints":{"allow":["GET"]}}],"collection":[{"href":"https:\/\/www.europesays.com\/se\/wp-json\/wp\/v2\/posts"}],"about":[{"href":"https:\/\/www.europesays.com\/se\/wp-json\/wp\/v2\/types\/post"}],"author":[{"embeddable":true,"href":"https:\/\/www.europesays.com\/se\/wp-json\/wp\/v2\/users\/2"}],"replies":[{"embeddable":true,"href":"https:\/\/www.europesays.com\/se\/wp-json\/wp\/v2\/comments?post=353254"}],"version-history":[{"count":0,"href":"https:\/\/www.europesays.com\/se\/wp-json\/wp\/v2\/posts\/353254\/revisions"}],"wp:featuredmedia":[{"embeddable":true,"href":"https:\/\/www.europesays.com\/se\/wp-json\/wp\/v2\/media\/353255"}],"wp:attachment":[{"href":"https:\/\/www.europesays.com\/se\/wp-json\/wp\/v2\/media?parent=353254"}],"wp:term":[{"taxonomy":"category","embeddable":true,"href":"https:\/\/www.europesays.com\/se\/wp-json\/wp\/v2\/categories?post=353254"},{"taxonomy":"post_tag","embeddable":true,"href":"https:\/\/www.europesays.com\/se\/wp-json\/wp\/v2\/tags?post=353254"}],"curies":[{"name":"wp","href":"https:\/\/api.w.org\/{rel}","templated":true}]}}