{"id":353386,"date":"2026-08-26T15:14:26","date_gmt":"2026-08-26T15:14:26","guid":{"rendered":"https:\/\/www.europesays.com\/se\/353386\/"},"modified":"2026-08-26T15:14:26","modified_gmt":"2026-08-26T15:14:26","slug":"tidigare-m-analytikern-varnar-risk-for-extraval","status":"publish","type":"post","link":"https:\/\/www.europesays.com\/se\/353386\/","title":{"rendered":"Tidigare M-analytikern varnar: Risk f\u00f6r extraval"},"content":{"rendered":"<p>Ett extraval \u00e4r fullt t\u00e4nkbart om oppositionen vinner h\u00f6stens riksdagsval, varnar kommunikationsr\u00e5dgivaren Per Rosencrantz, som tidigare varit opinionsanalyschef f\u00f6r Moderaterna. Partiernas r\u00f6da linjer kan g\u00f6ra det sv\u00e5rt att bilda regering, skriver han p\u00e5 DI Debatt.<\/p>\n<p>\u201dEn fungerande regeringsbildning kr\u00e4ver d\u00e4rmed stora kompromisser.\u201d<\/p>\n<p>Rosencrantz anser att n\u00e4ringslivet b\u00f6r f\u00f6rbereda sig p\u00e5 scenariot. En utdragen regeringsbildning och ett extraval skulle enligt honom \u00f6ka den politiska os\u00e4kerheten och f\u00f6rs\u00e4mra investeringsklimatet.<\/p>\n<p>Just nu uppl\u00e5st f\u00f6r alla<\/p>\n<p>Om Tid\u00f6partierna vinner valet \u00e4r utfallet glasklart: Tid\u00f6partierna forts\u00e4tter att styra Sverige. Men vid f\u00f6rlust blir spelplanen vid\u00f6ppen och allt kan v\u00e4ndas upp och ner. H\u00e4r \u00e4r f\u00f6ruts\u00e4ttningarna i jakten p\u00e5 175 riksdagsmandat.<\/p>\n<p>L\u00e4s vidare med Omni Mer<\/p>\n<p>Omni \u00e4r politiskt obundna och oberoende. Vi str\u00e4var efter att ge fler perspektiv p\u00e5 nyheterna. Har du fr\u00e5gor eller synpunkter kring v\u00e5r rapportering? <a href=\"https:\/\/omni.se\/tidigare-m-analytikern-varnar-risk-for-extraval\/a\/mailto:redaktion@omni.se\" class=\"ArticleActions-module-scss-module__w9u9BG__contactLink\" rel=\"nofollow noopener\" target=\"_blank\">Kontakta redaktionen<\/a><\/p>\n","protected":false},"excerpt":{"rendered":"Ett extraval \u00e4r fullt t\u00e4nkbart om oppositionen vinner h\u00f6stens riksdagsval, varnar kommunikationsr\u00e5dgivaren Per Rosencrantz, som tidigare varit opinionsanalyschef&hellip;\n","protected":false},"author":2,"featured_media":353387,"comment_status":"","ping_status":"","sticky":false,"template":"","format":"standard","meta":{"footnotes":"","_share_on_mastodon":"0"},"categories":[12],"tags":[22,23,445,26,27,17,21,24,25,639,28,29,551,15,16,369,18,34,31,33,32,30,19,20,3416],"class_list":["post-353386","post","type-post","status-publish","format-standard","has-post-thumbnail","category-sverige","tag-breaking-news","tag-breakingnews","tag-debatt","tag-featured-news","tag-featurednews","tag-headlines","tag-huvudnyheter","tag-latest-news","tag-latestnews","tag-liberalerna","tag-main-news","tag-mainnews","tag-moderaterna","tag-news","tag-nyheter","tag-politik","tag-rubriker","tag-se","tag-svenska","tag-sverige","tag-sweden","tag-swedish","tag-top-stories","tag-topstories","tag-valet-2026"],"share_on_mastodon":{"url":"https:\/\/pubeurope.com\/@se\/117162466837042904","error":""},"_links":{"self":[{"href":"https:\/\/www.europesays.com\/se\/wp-json\/wp\/v2\/posts\/353386","targetHints":{"allow":["GET"]}}],"collection":[{"href":"https:\/\/www.europesays.com\/se\/wp-json\/wp\/v2\/posts"}],"about":[{"href":"https:\/\/www.europesays.com\/se\/wp-json\/wp\/v2\/types\/post"}],"author":[{"embeddable":true,"href":"https:\/\/www.europesays.com\/se\/wp-json\/wp\/v2\/users\/2"}],"replies":[{"embeddable":true,"href":"https:\/\/www.europesays.com\/se\/wp-json\/wp\/v2\/comments?post=353386"}],"version-history":[{"count":0,"href":"https:\/\/www.europesays.com\/se\/wp-json\/wp\/v2\/posts\/353386\/revisions"}],"wp:featuredmedia":[{"embeddable":true,"href":"https:\/\/www.europesays.com\/se\/wp-json\/wp\/v2\/media\/353387"}],"wp:attachment":[{"href":"https:\/\/www.europesays.com\/se\/wp-json\/wp\/v2\/media?parent=353386"}],"wp:term":[{"taxonomy":"category","embeddable":true,"href":"https:\/\/www.europesays.com\/se\/wp-json\/wp\/v2\/categories?post=353386"},{"taxonomy":"post_tag","embeddable":true,"href":"https:\/\/www.europesays.com\/se\/wp-json\/wp\/v2\/tags?post=353386"}],"curies":[{"name":"wp","href":"https:\/\/api.w.org\/{rel}","templated":true}]}}