{"id":353414,"date":"2026-08-26T15:30:21","date_gmt":"2026-08-26T15:30:21","guid":{"rendered":"https:\/\/www.europesays.com\/se\/353414\/"},"modified":"2026-08-26T15:30:21","modified_gmt":"2026-08-26T15:30:21","slug":"stora-delar-av-norska-kungafamiljen-hos-harald","status":"publish","type":"post","link":"https:\/\/www.europesays.com\/se\/353414\/","title":{"rendered":"Stora delar av norska kungafamiljen hos Harald"},"content":{"rendered":"<p>Av Joel Malm\u00e9n<br \/>Publicerad: I dag 16.17. Uppdaterad: I dag 16.53<\/p>\n<p>Drottning Sonja, kronprinsparet Haakon och Mette-Marit och deras son prins Sverre Magnus har under eftermiddagen anl\u00e4nt till Rikshospitalet i Oslo, d\u00e4r kung Harald \u00e4r inlagd, skriver norska medier.<\/p>\n<p>Sedan i m\u00e5ndags har inga uppdateringar om kungens h\u00e4lsa kommit. 89-\u00e5ringen lades in den 17 augusti p\u00e5 grund av ett tillst\u00e5nd kallat hemolytisk anemi. I s\u00f6ndags uppgav hovet att hans tillst\u00e5nd f\u00f6rs\u00e4mrats och att han ocks\u00e5 v\u00e5rdades f\u00f6r en bakterieinfektion.<\/p>\n<p>I m\u00e5ndags var kungens tillst\u00e5nd stabilt, enligt hovet. Det var den senaste uppdateringen.<\/p>\n<p>Det \u00e4r ingen tvekan om att l\u00e4get \u00e4r allvarligt, skriver VG:s kommentator Astrid Meland:<\/p>\n<p>\u201dDet mest talande i hovets besked om kungens h\u00e4lsa \u00e4r det de inte s\u00e4ger.\u201d<\/p>\n<p>Omni \u00e4r politiskt obundna och oberoende. Vi str\u00e4var efter att ge fler perspektiv p\u00e5 nyheterna. Har du fr\u00e5gor eller synpunkter kring v\u00e5r rapportering? <a href=\"https:\/\/omni.se\/tystnad-om-kung-harald-familjen-pa-besok\/a\/mailto:redaktion@omni.se\" class=\"ArticleActions-module-scss-module__w9u9BG__contactLink\" rel=\"nofollow noopener\" target=\"_blank\">Kontakta redaktionen<\/a><\/p>\n","protected":false},"excerpt":{"rendered":"Av Joel Malm\u00e9nPublicerad: I dag 16.17. Uppdaterad: I dag 16.53 Drottning Sonja, kronprinsparet Haakon och Mette-Marit och deras&hellip;\n","protected":false},"author":2,"featured_media":353415,"comment_status":"","ping_status":"","sticky":false,"template":"","format":"standard","meta":{"footnotes":"","_share_on_mastodon":"0"},"categories":[12],"tags":[22,23,267,26,27,17,21,35548,24,25,28,29,15,430,14736,16,18,34,31,33,32,30,19,20],"class_list":["post-353414","post","type-post","status-publish","format-standard","has-post-thumbnail","category-sverige","tag-breaking-news","tag-breakingnews","tag-europa","tag-featured-news","tag-featurednews","tag-headlines","tag-huvudnyheter","tag-kung-harald-v","tag-latest-news","tag-latestnews","tag-main-news","tag-mainnews","tag-news","tag-norge","tag-norska-kungahuset","tag-nyheter","tag-rubriker","tag-se","tag-svenska","tag-sverige","tag-sweden","tag-swedish","tag-top-stories","tag-topstories"],"share_on_mastodon":{"url":"https:\/\/pubeurope.com\/@se\/117162529670795707","error":""},"_links":{"self":[{"href":"https:\/\/www.europesays.com\/se\/wp-json\/wp\/v2\/posts\/353414","targetHints":{"allow":["GET"]}}],"collection":[{"href":"https:\/\/www.europesays.com\/se\/wp-json\/wp\/v2\/posts"}],"about":[{"href":"https:\/\/www.europesays.com\/se\/wp-json\/wp\/v2\/types\/post"}],"author":[{"embeddable":true,"href":"https:\/\/www.europesays.com\/se\/wp-json\/wp\/v2\/users\/2"}],"replies":[{"embeddable":true,"href":"https:\/\/www.europesays.com\/se\/wp-json\/wp\/v2\/comments?post=353414"}],"version-history":[{"count":0,"href":"https:\/\/www.europesays.com\/se\/wp-json\/wp\/v2\/posts\/353414\/revisions"}],"wp:featuredmedia":[{"embeddable":true,"href":"https:\/\/www.europesays.com\/se\/wp-json\/wp\/v2\/media\/353415"}],"wp:attachment":[{"href":"https:\/\/www.europesays.com\/se\/wp-json\/wp\/v2\/media?parent=353414"}],"wp:term":[{"taxonomy":"category","embeddable":true,"href":"https:\/\/www.europesays.com\/se\/wp-json\/wp\/v2\/categories?post=353414"},{"taxonomy":"post_tag","embeddable":true,"href":"https:\/\/www.europesays.com\/se\/wp-json\/wp\/v2\/tags?post=353414"}],"curies":[{"name":"wp","href":"https:\/\/api.w.org\/{rel}","templated":true}]}}