{"id":35370,"date":"2025-09-20T20:35:10","date_gmt":"2025-09-20T20:35:10","guid":{"rendered":"https:\/\/www.europesays.com\/se\/35370\/"},"modified":"2025-09-20T20:35:10","modified_gmt":"2025-09-20T20:35:10","slug":"ann-heberlein-far-inte-bli-prast-fegt","status":"publish","type":"post","link":"https:\/\/www.europesays.com\/se\/35370\/","title":{"rendered":"Ann Heberlein f\u00e5r inte bli pr\u00e4st: \u201dFegt\u201d"},"content":{"rendered":"<p>Publicerad 20 sep 2025 kl 19.48<\/p>\n<p>Debatt\u00f6ren och teologen Ann Heberlein f\u00e5r inte bli pr\u00e4st i Svenska kyrkan, rapporterar tidningen <a href=\"https:\/\/www.dagen.se\/nyheter\/ann-heberlein-far-nej-till-att-bli-prast-i-svenska-kyrkan-tyckte-jag-passar-battre-som-debattor\/9967928?signedInSuccess=true&amp;purchasedSuccess=true\" rel=\"nofollow noopener\" target=\"_blank\">Dagen<\/a>.\u00a0<\/p>\n<p>Hon ska ha enligt egen uppgift ha f\u00e5tt h\u00f6ra att hon passar b\u00e4ttre som debatt\u00f6r \u00e4n som pr\u00e4st.<\/p>\n<p>\u2013 Det hade varit b\u00e4ttre att s\u00e4ga att jag inte \u00e4r \u00f6nskad som pr\u00e4st, s\u00e4ger Ann Heberlein till Dagen.<\/p>\n<p>Senaste nyhetsklippen fr\u00e5n Expressen.<img   alt=\"\"\/><\/p>\n<p>Ann Heberlein<\/p>\n<p>Foto: HANNA BRUNL\u00d6F WINDELL<\/p>\n<p>\u00d6ppna bild i helsk\u00e4rm<img loading=\"lazy\"   alt=\"\"\/><\/p>\n<p>Lunds domkyrka.<\/p>\n<p>Foto: FRITZ SCHIBLI \/ KVP<\/p>\n<p>\u00d6ppna bild i helsk\u00e4rm<\/p>\n<p><a href=\"https:\/\/www.expressen.se\/tagg\/person\/ann-heberlein\/\" class=\"\" rel=\"nofollow noopener\" target=\"_blank\">Ann Heberlein<\/a> \u00e4r teologie doktor och har \u00e4ven varit verksam som forskare inom praktisk filosofi. Vid sidan av den akademiska karri\u00e4ren har hon gjort sig k\u00e4nd som en stridbar samh\u00e4llsdebatt\u00f6r. Hon har skrivit f\u00f6r flera dagstidningar, d\u00e4ribland Expressen, och medverkat i radio och tv.<\/p>\n<p>Enligt Dagen blev hon antagen som pr\u00e4stkandidat redan 1996. Hon har dock varit kritisk mot vad hon upplever som Svenska kyrkans politisering, och 2017 gick hon ur kyrkan.<\/p>\n<p>Hon blev medlem igen n\u00e4r Antje Jackel\u00e9n eftertr\u00e4ddes av Martin Mod\u00e9us som \u00e4rkebiskop.<\/p>\n<p>\u201dFegt s\u00e4tt\u201d<\/p>\n<p>Hennes gamla antagning som pr\u00e4stkandidat \u00e4r dock inte l\u00e4ngre giltig, s\u00e5 hon f\u00f6rs\u00f6kte bli antagen p\u00e5 nytt. Det blev hon inte.<\/p>\n<p>\u2013 Det var ett kort samtal fr\u00e5n biskopen d\u00e4r motiveringen var att jag passar b\u00e4ttre som debatt\u00f6r \u00e4n pr\u00e4st i Svenska kyrkan. Jag tyckte att det var ett fegt s\u00e4tt att uttrycka det p\u00e5, det hade varit b\u00e4ttre att s\u00e4ga att jag inte \u00e4r \u00f6nskad som pr\u00e4st, s\u00e4ger Ann Heberlein till Dagen.<\/p>\n<p>Sj\u00e4lv tror hon att det beror p\u00e5 hennes kritik mot kyrkan.\u00a0<\/p>\n<p>Lunds stifts biskop Johan Tyrberg avb\u00f6jer att kommentera beslutet i Dagen.<\/p>\n<p><strong>L\u00c4S MER: <\/strong><a href=\"https:\/\/www.expressen.se\/nyheter\/sverige\/tidigare-biskop-caroline-krook-har-dott-\/\" class=\"\" rel=\"nofollow noopener\" target=\"_blank\">Tidigare biskop Caroline Krook har d\u00f6tt<\/a><\/p>\n","protected":false},"excerpt":{"rendered":"Publicerad 20 sep 2025 kl 19.48 Debatt\u00f6ren och teologen Ann Heberlein f\u00e5r inte bli pr\u00e4st i Svenska kyrkan,&hellip;\n","protected":false},"author":2,"featured_media":35371,"comment_status":"","ping_status":"","sticky":false,"template":"","format":"standard","meta":{"footnotes":""},"categories":[12],"tags":[22,23,26,27,17,21,24,25,28,29,15,16,608,3796,18,34,154,31,33,32,30,19,151,20],"class_list":{"0":"post-35370","1":"post","2":"type-post","3":"status-publish","4":"format-standard","5":"has-post-thumbnail","7":"category-sverige","8":"tag-breaking-news","9":"tag-breakingnews","10":"tag-featured-news","11":"tag-featurednews","12":"tag-headlines","13":"tag-huvudnyheter","14":"tag-latest-news","15":"tag-latestnews","16":"tag-main-news","17":"tag-mainnews","18":"tag-news","19":"tag-nyheter","20":"tag-organization-svenska-kyrkan","21":"tag-person-ann-heberlein","22":"tag-rubriker","23":"tag-se","24":"tag-sections-sverige","25":"tag-svenska","26":"tag-sverige","27":"tag-sweden","28":"tag-swedish","29":"tag-top-stories","30":"tag-topic-religion","31":"tag-topstories"},"share_on_mastodon":{"url":"","error":""},"_links":{"self":[{"href":"https:\/\/www.europesays.com\/se\/wp-json\/wp\/v2\/posts\/35370","targetHints":{"allow":["GET"]}}],"collection":[{"href":"https:\/\/www.europesays.com\/se\/wp-json\/wp\/v2\/posts"}],"about":[{"href":"https:\/\/www.europesays.com\/se\/wp-json\/wp\/v2\/types\/post"}],"author":[{"embeddable":true,"href":"https:\/\/www.europesays.com\/se\/wp-json\/wp\/v2\/users\/2"}],"replies":[{"embeddable":true,"href":"https:\/\/www.europesays.com\/se\/wp-json\/wp\/v2\/comments?post=35370"}],"version-history":[{"count":0,"href":"https:\/\/www.europesays.com\/se\/wp-json\/wp\/v2\/posts\/35370\/revisions"}],"wp:featuredmedia":[{"embeddable":true,"href":"https:\/\/www.europesays.com\/se\/wp-json\/wp\/v2\/media\/35371"}],"wp:attachment":[{"href":"https:\/\/www.europesays.com\/se\/wp-json\/wp\/v2\/media?parent=35370"}],"wp:term":[{"taxonomy":"category","embeddable":true,"href":"https:\/\/www.europesays.com\/se\/wp-json\/wp\/v2\/categories?post=35370"},{"taxonomy":"post_tag","embeddable":true,"href":"https:\/\/www.europesays.com\/se\/wp-json\/wp\/v2\/tags?post=35370"}],"curies":[{"name":"wp","href":"https:\/\/api.w.org\/{rel}","templated":true}]}}