{"id":353898,"date":"2026-08-27T00:42:11","date_gmt":"2026-08-27T00:42:11","guid":{"rendered":"https:\/\/www.europesays.com\/se\/353898\/"},"modified":"2026-08-27T00:42:11","modified_gmt":"2026-08-27T00:42:11","slug":"utbrottet-paminner-om-hur-viktigt-det-ar-att-skyddet-uppratthalls","status":"publish","type":"post","link":"https:\/\/www.europesays.com\/se\/353898\/","title":{"rendered":"\u201dUtbrottet p\u00e5minner om hur viktigt det \u00e4r att skyddet uppr\u00e4tth\u00e5lls\u201d"},"content":{"rendered":"<p>M\u00e4sslingsutbrottet efter Urkultfestivalen visar hur snabbt den extremt smittsamma sjukdomen kan spridas s\u00e5 fort vaccinationst\u00e4ckningen i en grupp minskar. Det skriver den tidigare statsepidemiologen Magnus Gissl\u00e9n p\u00e5 DN Debatt. <\/p>\n<p>Han r\u00e5der alla att se \u00f6ver sina barns och sina egna vacciner, och ta en extra dos om de \u00e4r os\u00e4kra.  <\/p>\n<p>\u201dUtbrottet \u00e4r en p\u00e5minnelse om hur viktigt det \u00e4r att skyddet uppr\u00e4tth\u00e5lls\u201d, skriver debatt\u00f6ren.<\/p>\n<p>Vaccint\u00e4ckningsgraden i Sverige b\u00f6r inte minska fr\u00e5n omkring 95 procent, som \u00e4r vad som kr\u00e4vs f\u00f6r att f\u00f6rhindra st\u00f6rre utbrott. P\u00e5 s\u00e5 s\u00e4tt skyddas \u00e4ven de som inte sj\u00e4lva kan vaccineras, som sp\u00e4dbarn och immunnedsatta.<\/p>\n<p>Omni \u00e4r politiskt obundna och oberoende. Vi str\u00e4var efter att ge fler perspektiv p\u00e5 nyheterna. Har du fr\u00e5gor eller synpunkter kring v\u00e5r rapportering? <a href=\"https:\/\/omni.se\/utbrottet-paminner-om-hur-viktigt-det-ar-att-skyddet-uppratthalls\/a\/mailto:redaktion@omni.se\" class=\"ArticleActions-module-scss-module__w9u9BG__contactLink\" rel=\"nofollow noopener\" target=\"_blank\">Kontakta redaktionen<\/a><\/p>\n","protected":false},"excerpt":{"rendered":"M\u00e4sslingsutbrottet efter Urkultfestivalen visar hur snabbt den extremt smittsamma sjukdomen kan spridas s\u00e5 fort vaccinationst\u00e4ckningen i en grupp&hellip;\n","protected":false},"author":2,"featured_media":353899,"comment_status":"","ping_status":"","sticky":false,"template":"","format":"standard","meta":{"footnotes":"","_share_on_mastodon":"0"},"categories":[5],"tags":[22,23,445,26,27,17,21,24,25,1623,28,29,15,16,18,34,31,33,32,30,19,20],"class_list":["post-353898","post","type-post","status-publish","format-standard","has-post-thumbnail","category-rubriker","tag-breaking-news","tag-breakingnews","tag-debatt","tag-featured-news","tag-featurednews","tag-headlines","tag-huvudnyheter","tag-latest-news","tag-latestnews","tag-magnus-gisslen","tag-main-news","tag-mainnews","tag-news","tag-nyheter","tag-rubriker","tag-se","tag-svenska","tag-sverige","tag-sweden","tag-swedish","tag-top-stories","tag-topstories"],"share_on_mastodon":{"url":"https:\/\/pubeurope.com\/@se\/117164700160924091","error":""},"_links":{"self":[{"href":"https:\/\/www.europesays.com\/se\/wp-json\/wp\/v2\/posts\/353898","targetHints":{"allow":["GET"]}}],"collection":[{"href":"https:\/\/www.europesays.com\/se\/wp-json\/wp\/v2\/posts"}],"about":[{"href":"https:\/\/www.europesays.com\/se\/wp-json\/wp\/v2\/types\/post"}],"author":[{"embeddable":true,"href":"https:\/\/www.europesays.com\/se\/wp-json\/wp\/v2\/users\/2"}],"replies":[{"embeddable":true,"href":"https:\/\/www.europesays.com\/se\/wp-json\/wp\/v2\/comments?post=353898"}],"version-history":[{"count":0,"href":"https:\/\/www.europesays.com\/se\/wp-json\/wp\/v2\/posts\/353898\/revisions"}],"wp:featuredmedia":[{"embeddable":true,"href":"https:\/\/www.europesays.com\/se\/wp-json\/wp\/v2\/media\/353899"}],"wp:attachment":[{"href":"https:\/\/www.europesays.com\/se\/wp-json\/wp\/v2\/media?parent=353898"}],"wp:term":[{"taxonomy":"category","embeddable":true,"href":"https:\/\/www.europesays.com\/se\/wp-json\/wp\/v2\/categories?post=353898"},{"taxonomy":"post_tag","embeddable":true,"href":"https:\/\/www.europesays.com\/se\/wp-json\/wp\/v2\/tags?post=353898"}],"curies":[{"name":"wp","href":"https:\/\/api.w.org\/{rel}","templated":true}]}}