{"id":353994,"date":"2026-08-27T03:41:37","date_gmt":"2026-08-27T03:41:37","guid":{"rendered":"https:\/\/www.europesays.com\/se\/353994\/"},"modified":"2026-08-27T03:41:37","modified_gmt":"2026-08-27T03:41:37","slug":"statsvetarens-slutsats-tido-forlorar-sannolikt-valet","status":"publish","type":"post","link":"https:\/\/www.europesays.com\/se\/353994\/","title":{"rendered":"Statsvetarens slutsats: Tid\u00f6 f\u00f6rlorar sannolikt valet"},"content":{"rendered":"<p>En rad opinionsunders\u00f6kningar har trillat in efter sommaren och Tid\u00f6partierna ligger alltj\u00e4mt en bra bit bakom i samtliga.<\/p>\n<p>\u201dD\u00e4rmed torde vi kunna sl\u00e5 fast: Osvuret \u00e4r alltid b\u00e4st, men Tid\u00f6 f\u00f6rlorar sannolikt valet 2026\u201d, skriver statsvetaren Jonas Hinnfors p\u00e5 X p\u00e5 onsdagsmorgonen.<\/p>\n<p>Gapet har visserligen krympt i de flesta m\u00e4tningarna efter sommaren. Minst \u00e4r differensen i m\u00e4tningarna fr\u00e5n Demoskop (3,7 procentenheter) och Indikator (4,7), klart st\u00f6rst \u00e4r skillnaden i Verians m\u00e4tning (10,0). Novus, Ipsos och Omnis sammanv\u00e4gning Omnipoll placerar sig d\u00e4remellan.<\/p>\n<p>Just nu uppl\u00e5st f\u00f6r alla<\/p>\n<p>Inte vid ett enda tillf\u00e4lle under mandatperioden har Tid\u00f6regeringen legat f\u00f6re oppositionen i opinionen. Men under sommaren har gapet mellan sidorna minskat.<\/p>\n<p>L\u00e4s vidare med Omni Mer<\/p>\n<p>Omni \u00e4r politiskt obundna och oberoende. Vi str\u00e4var efter att ge fler perspektiv p\u00e5 nyheterna. Har du fr\u00e5gor eller synpunkter kring v\u00e5r rapportering? <a href=\"https:\/\/omni.se\/statsvetarens-slutsats-tido-forlorar-sannolikt-valet\/a\/mailto:redaktion@omni.se\" class=\"ArticleActions-module-scss-module__w9u9BG__contactLink\" rel=\"nofollow noopener\" target=\"_blank\">Kontakta redaktionen<\/a><\/p>\n","protected":false},"excerpt":{"rendered":"En rad opinionsunders\u00f6kningar har trillat in efter sommaren och Tid\u00f6partierna ligger alltj\u00e4mt en bra bit bakom i samtliga.&hellip;\n","protected":false},"author":2,"featured_media":353995,"comment_status":"","ping_status":"","sticky":false,"template":"","format":"standard","meta":{"footnotes":"","_share_on_mastodon":"0"},"categories":[12],"tags":[22,23,1983,26,27,17,21,3352,1107,24,25,639,28,29,1234,551,15,16,2822,1982,369,18,34,1557,31,33,617,32,30,19,20,3416,1406],"class_list":["post-353994","post","type-post","status-publish","format-standard","has-post-thumbnail","category-sverige","tag-breaking-news","tag-breakingnews","tag-centerpartiet","tag-featured-news","tag-featurednews","tag-headlines","tag-huvudnyheter","tag-jonas-hinnfors","tag-kristdemokraterna","tag-latest-news","tag-latestnews","tag-liberalerna","tag-main-news","tag-mainnews","tag-miljopartiet","tag-moderaterna","tag-news","tag-nyheter","tag-omnimallar","tag-opinionsundersokningar","tag-politik","tag-rubriker","tag-se","tag-socialdemokraterna","tag-svenska","tag-sverige","tag-sverigedemokraterna","tag-sweden","tag-swedish","tag-top-stories","tag-topstories","tag-valet-2026","tag-vansterpartiet"],"share_on_mastodon":{"url":"https:\/\/pubeurope.com\/@se\/117165404011479827","error":""},"_links":{"self":[{"href":"https:\/\/www.europesays.com\/se\/wp-json\/wp\/v2\/posts\/353994","targetHints":{"allow":["GET"]}}],"collection":[{"href":"https:\/\/www.europesays.com\/se\/wp-json\/wp\/v2\/posts"}],"about":[{"href":"https:\/\/www.europesays.com\/se\/wp-json\/wp\/v2\/types\/post"}],"author":[{"embeddable":true,"href":"https:\/\/www.europesays.com\/se\/wp-json\/wp\/v2\/users\/2"}],"replies":[{"embeddable":true,"href":"https:\/\/www.europesays.com\/se\/wp-json\/wp\/v2\/comments?post=353994"}],"version-history":[{"count":0,"href":"https:\/\/www.europesays.com\/se\/wp-json\/wp\/v2\/posts\/353994\/revisions"}],"wp:featuredmedia":[{"embeddable":true,"href":"https:\/\/www.europesays.com\/se\/wp-json\/wp\/v2\/media\/353995"}],"wp:attachment":[{"href":"https:\/\/www.europesays.com\/se\/wp-json\/wp\/v2\/media?parent=353994"}],"wp:term":[{"taxonomy":"category","embeddable":true,"href":"https:\/\/www.europesays.com\/se\/wp-json\/wp\/v2\/categories?post=353994"},{"taxonomy":"post_tag","embeddable":true,"href":"https:\/\/www.europesays.com\/se\/wp-json\/wp\/v2\/tags?post=353994"}],"curies":[{"name":"wp","href":"https:\/\/api.w.org\/{rel}","templated":true}]}}