{"id":354004,"date":"2026-08-27T03:53:14","date_gmt":"2026-08-27T03:53:14","guid":{"rendered":"https:\/\/www.europesays.com\/se\/354004\/"},"modified":"2026-08-27T03:53:14","modified_gmt":"2026-08-27T03:53:14","slug":"yayoi-kusama-dod-prickdrottningen-blev-97-ar","status":"publish","type":"post","link":"https:\/\/www.europesays.com\/se\/354004\/","title":{"rendered":"Yayoi Kusama d\u00f6d \u2013 prickdrottningen blev 97 \u00e5r"},"content":{"rendered":"\n<ul aria-hidden=\"true\" class=\"_images_1lr5y_103\">\n<li><a class=\"_link_1lr5y_108\" href=\"https:\/\/aftonbladet.se\/av\/hans-osterman\" title=\"Hans \u00d6sterman\" tabindex=\"-1\" rel=\"nofollow noopener\" target=\"_blank\"><img alt=\"Bild av Hans \u00d6sterman\" class=\"_image_1lr5y_85\" fetchpriority=\"low\" decoding=\"async\" itemprop=\"image\" loading=\"lazy\"  src=\"https:\/\/www.europesays.com\/se\/wp-content\/uploads\/2026\/08\/1787802794_217_3a5e20f0-4830-46ba-9df0-3077125d38dd.png\"  width=\"480\"\/><\/a><\/li>\n<\/ul>\n<p> <img alt=\"Yayoi Kusama framf\u00f6r ett av hennes verk. Arkivbild.\" class=\"_image_1jxax_84 layout-component layout-wide\" data-fullscreen- data-track-element-type=\"Article image fullscreen\" data-track-name=\"ImageFullscreen\" fetchpriority=\"high\" decoding=\"sync\" loading=\"eager\" height=\"375\" itemprop=\"image\"  src=\"https:\/\/www.europesays.com\/se\/wp-content\/uploads\/2026\/08\/da5f952e-7041-3f33-adba-f1be46c0ad3e.jpeg\"  style=\"object-position:0% 0%\" width=\"640\"\/>Yayoi Kusama framf\u00f6r ett av hennes verk. Arkivbild.  Foto: Kirsty Wigglesworth\/AP\/TTVisa mer<\/p>\n<p class=\"_textTheme_4io5p_1 _lead_16k26_2 _lead_3ue4t_18 layout-component layout-normal layout-padded _lead_o6m9k_5 _leadTheme_cypwp_1 body-large bold\">Yayoi Kusama dog p\u00e5 sjukhus den 14 augusti.<\/p>\n<p class=\"_textTheme_4io5p_1 _lead_16k26_2 _lead_3ue4t_18 layout-component layout-normal layout-padded _lead_o6m9k_5 _leadTheme_cypwp_1 body-large bold\">F\u00f6rst nu, tv\u00e5 veckor senare, har hennes bortg\u00e5ng blivit k\u00e4nd.<\/p>\n<p class=\"_textTheme_4io5p_1 _lead_16k26_2 _lead_3ue4t_18 layout-component layout-normal layout-padded _lead_o6m9k_5 _leadTheme_cypwp_1 body-large bold\">Den v\u00e4rldsber\u00f6mda konstn\u00e4ren blev 97 \u00e5r.<\/p>\n<p class=\"_textTheme_4io5p_1 _paragraph_16k26_4 _paragraph_3ue4t_27 layout-component layout-normal layout-padded body-medium\">Yayoi Kusama kom ofta att kallas \u201dPolkaprickarnas drottning\u201d i internationell press och det har sina sk\u00e4l. Den japanska konstn\u00e4ren \u00e4r starkt f\u00f6rknippad med sina prickm\u00f6nstrade och ofta psykedeliska m\u00e5lningar, skulpturer och installationer.<\/p>\n<p class=\"_textTheme_4io5p_1 _paragraph_16k26_4 _paragraph_3ue4t_27 layout-component layout-normal layout-padded body-medium\">Beskedet om hennes d\u00f6d kom i <a href=\"https:\/\/yayoi-kusama.jp\/en\/news4518\/\" class=\"_link_16k26_32\" rel=\"nofollow noopener\" target=\"_blank\">ett meddelande p\u00e5 hennes officiella hemsida<\/a> under den tidiga torsdagsmorgonen, svensk tid:<\/p>\n<p class=\"_textTheme_4io5p_1 _paragraph_16k26_4 _paragraph_3ue4t_27 layout-component layout-normal layout-padded body-medium\">\u201dDet \u00e4r med djup sorg vi meddelar att Yayoi Kusama dog p\u00e5 ett sjukhus i Tokyo den 14 augusti 2026, 97 \u00e5r gammal.\u201d<\/p>\n<p class=\"_textTheme_4io5p_1 _paragraph_16k26_4 _paragraph_3ue4t_27 layout-component layout-normal layout-padded body-medium\">Varf\u00f6r d\u00f6dsbudet har dr\u00f6jt i tv\u00e5 veckor framg\u00e5r inte, men enligt uttalandet var hon aktiv in i det sista:<\/p>\n<p class=\"_textTheme_4io5p_1 _paragraph_16k26_4 _paragraph_3ue4t_27 layout-component layout-normal layout-padded body-medium\">\u201dHon fortsatte att m\u00e5la \u00e4nda in till slutet, utan att n\u00e5gonsin l\u00e4gga undan penseln, och fortsatte att utforska evig k\u00e4rlek och den eviga sj\u00e4len. Vi kommer att f\u00f6ra Kusamas \u00f6nskningar vidare och genom konsten forts\u00e4tta att ge m\u00e4nniskor runt om i v\u00e4rlden hopp och styrka inf\u00f6r framtiden.\u201d<\/p>\n<p class=\"_textTheme_4io5p_1 _paragraph_16k26_4 _paragraph_3ue4t_27 layout-component layout-normal layout-padded body-medium\">Yayoi Kusama har varit verksam sedan 1960-talet, men fick ett sent uppsving n\u00e4r det blev popul\u00e4rt att ta selfies med hennes f\u00e4rgsprakande kreationer i bakgrunden. Sommarens 2016 visades en stor retrospektiv utst\u00e4llning av hennes verk p\u00e5 Moderna museet i Stockholm.<\/p>\n","protected":false},"excerpt":{"rendered":"Yayoi Kusama framf\u00f6r ett av hennes verk. Arkivbild. Foto: Kirsty Wigglesworth\/AP\/TTVisa mer Yayoi Kusama dog p\u00e5 sjukhus den&hellip;\n","protected":false},"author":2,"featured_media":354005,"comment_status":"","ping_status":"","sticky":false,"template":"","format":"standard","meta":{"footnotes":"","_share_on_mastodon":"0"},"categories":[67],"tags":[104,902,34,31,33,32,30,105,40148],"class_list":["post-354004","post","type-post","status-publish","format-standard","has-post-thumbnail","category-underhallning","tag-entertainment","tag-konst","tag-se","tag-svenska","tag-sverige","tag-sweden","tag-swedish","tag-underhallning","tag-yayoi-kusama"],"share_on_mastodon":{"url":"https:\/\/pubeurope.com\/@se\/117165451793071779","error":""},"_links":{"self":[{"href":"https:\/\/www.europesays.com\/se\/wp-json\/wp\/v2\/posts\/354004","targetHints":{"allow":["GET"]}}],"collection":[{"href":"https:\/\/www.europesays.com\/se\/wp-json\/wp\/v2\/posts"}],"about":[{"href":"https:\/\/www.europesays.com\/se\/wp-json\/wp\/v2\/types\/post"}],"author":[{"embeddable":true,"href":"https:\/\/www.europesays.com\/se\/wp-json\/wp\/v2\/users\/2"}],"replies":[{"embeddable":true,"href":"https:\/\/www.europesays.com\/se\/wp-json\/wp\/v2\/comments?post=354004"}],"version-history":[{"count":0,"href":"https:\/\/www.europesays.com\/se\/wp-json\/wp\/v2\/posts\/354004\/revisions"}],"wp:featuredmedia":[{"embeddable":true,"href":"https:\/\/www.europesays.com\/se\/wp-json\/wp\/v2\/media\/354005"}],"wp:attachment":[{"href":"https:\/\/www.europesays.com\/se\/wp-json\/wp\/v2\/media?parent=354004"}],"wp:term":[{"taxonomy":"category","embeddable":true,"href":"https:\/\/www.europesays.com\/se\/wp-json\/wp\/v2\/categories?post=354004"},{"taxonomy":"post_tag","embeddable":true,"href":"https:\/\/www.europesays.com\/se\/wp-json\/wp\/v2\/tags?post=354004"}],"curies":[{"name":"wp","href":"https:\/\/api.w.org\/{rel}","templated":true}]}}