{"id":354028,"date":"2026-08-27T04:24:11","date_gmt":"2026-08-27T04:24:11","guid":{"rendered":"https:\/\/www.europesays.com\/se\/354028\/"},"modified":"2026-08-27T04:24:11","modified_gmt":"2026-08-27T04:24:11","slug":"prickdrottningen-yayoi-kusama-ar-dod-blev-97-ar","status":"publish","type":"post","link":"https:\/\/www.europesays.com\/se\/354028\/","title":{"rendered":"\u201dPrickdrottningen\u201d Yayoi Kusama \u00e4r d\u00f6d \u2013 blev 97 \u00e5r"},"content":{"rendered":"<p>Den japanska konstn\u00e4ren Yayoi Kusama \u00e4r d\u00f6d. Hon blev v\u00e4rldsber\u00f6md f\u00f6r sina psykedeliska m\u00e5lningar, skulpturer och installationer.<\/p>\n<p>\u2013 Hon fortsatte att m\u00e5la in i det sista, st\u00e5r det i ett uttalande fr\u00e5n hennes f\u00f6retag enligt AFP.<\/p>\n<p>Kusama kallades \u201dprickdrottningen\u201d f\u00f6r prickm\u00f6nstren som blev hennes signum. Hon var verksam sedan 1960-talet och fick ett stort internationellt uppsving senare i livet. 2016 st\u00e4llde Moderna Museet i Stockholm ut hennes verk.<\/p>\n<p>Kusama blev 97 \u00e5r.<\/p>\n<p>Omni \u00e4r politiskt obundna och oberoende. Vi str\u00e4var efter att ge fler perspektiv p\u00e5 nyheterna. Har du fr\u00e5gor eller synpunkter kring v\u00e5r rapportering? <a href=\"https:\/\/omni.se\/konstnaren-yayoi-kusama-ar-dod-blev-97-ar\/a\/mailto:redaktion@omni.se\" class=\"ArticleActions-module-scss-module__w9u9BG__contactLink\" rel=\"nofollow noopener\" target=\"_blank\">Kontakta redaktionen<\/a><\/p>\n","protected":false},"excerpt":{"rendered":"Den japanska konstn\u00e4ren Yayoi Kusama \u00e4r d\u00f6d. Hon blev v\u00e4rldsber\u00f6md f\u00f6r sina psykedeliska m\u00e5lningar, skulpturer och installationer. \u2013&hellip;\n","protected":false},"author":2,"featured_media":354029,"comment_status":"","ping_status":"","sticky":false,"template":"","format":"standard","meta":{"footnotes":"","_share_on_mastodon":"0"},"categories":[5],"tags":[22,23,26,27,17,21,902,24,25,28,29,15,16,18,34,31,33,32,30,19,20,40148],"class_list":["post-354028","post","type-post","status-publish","format-standard","has-post-thumbnail","category-rubriker","tag-breaking-news","tag-breakingnews","tag-featured-news","tag-featurednews","tag-headlines","tag-huvudnyheter","tag-konst","tag-latest-news","tag-latestnews","tag-main-news","tag-mainnews","tag-news","tag-nyheter","tag-rubriker","tag-se","tag-svenska","tag-sverige","tag-sweden","tag-swedish","tag-top-stories","tag-topstories","tag-yayoi-kusama"],"share_on_mastodon":{"url":"https:\/\/pubeurope.com\/@se\/117165573683251995","error":""},"_links":{"self":[{"href":"https:\/\/www.europesays.com\/se\/wp-json\/wp\/v2\/posts\/354028","targetHints":{"allow":["GET"]}}],"collection":[{"href":"https:\/\/www.europesays.com\/se\/wp-json\/wp\/v2\/posts"}],"about":[{"href":"https:\/\/www.europesays.com\/se\/wp-json\/wp\/v2\/types\/post"}],"author":[{"embeddable":true,"href":"https:\/\/www.europesays.com\/se\/wp-json\/wp\/v2\/users\/2"}],"replies":[{"embeddable":true,"href":"https:\/\/www.europesays.com\/se\/wp-json\/wp\/v2\/comments?post=354028"}],"version-history":[{"count":0,"href":"https:\/\/www.europesays.com\/se\/wp-json\/wp\/v2\/posts\/354028\/revisions"}],"wp:featuredmedia":[{"embeddable":true,"href":"https:\/\/www.europesays.com\/se\/wp-json\/wp\/v2\/media\/354029"}],"wp:attachment":[{"href":"https:\/\/www.europesays.com\/se\/wp-json\/wp\/v2\/media?parent=354028"}],"wp:term":[{"taxonomy":"category","embeddable":true,"href":"https:\/\/www.europesays.com\/se\/wp-json\/wp\/v2\/categories?post=354028"},{"taxonomy":"post_tag","embeddable":true,"href":"https:\/\/www.europesays.com\/se\/wp-json\/wp\/v2\/tags?post=354028"}],"curies":[{"name":"wp","href":"https:\/\/api.w.org\/{rel}","templated":true}]}}