{"id":354064,"date":"2026-08-27T05:13:12","date_gmt":"2026-08-27T05:13:12","guid":{"rendered":"https:\/\/www.europesays.com\/se\/354064\/"},"modified":"2026-08-27T05:13:12","modified_gmt":"2026-08-27T05:13:12","slug":"hoger-med-hjarta-gar-hem-hos-valjare-kd-tar-roster-fran-m-i-ny-matning","status":"publish","type":"post","link":"https:\/\/www.europesays.com\/se\/354064\/","title":{"rendered":"\u201dH\u00f6ger med hj\u00e4rta\u201d g\u00e5r hem hos v\u00e4ljare \u2013 KD tar r\u00f6ster fr\u00e5n M i ny m\u00e4tning"},"content":{"rendered":"<p>Kristdemokraterna landar p\u00e5 8,5 procents v\u00e4ljarst\u00f6d i Aftonbladet\/Demoskops augustim\u00e4tning, vilket \u00e4r en toppnotering f\u00f6r partiet under mandatperioden.<\/p>\n<p>Under valr\u00f6relsen har Busch framh\u00e4vt att KD \u00e4r \u201dh\u00f6gern med hj\u00e4rta\u201d och lagt stort fokus p\u00e5 f\u00f6rb\u00e4ttringar av kvinnors h\u00e4lsa och satsningar p\u00e5 familjepolitiken. Oml\u00e4ggningen kan vara orsaken till att partiet lockat en ny typ av v\u00e4ljare, menar Demoskops opinionschef Johan Martinsson.<\/p>\n<p>\u2013 Vi ser en tendens att \u00f6kningen f\u00f6r KD \u00e4r lite st\u00f6rre bland kvinnor \u00e4n m\u00e4n. Det st\u00e4mmer med partiets positionering mer i mitten och deras utspel om familjepolitik, s\u00e4ger han.<\/p>\n<p>I m\u00e4tningen stj\u00e4l Ebba Busch (KD) framf\u00f6r allt v\u00e4ljare fr\u00e5n Ulf Kristersson (M). Det kan f\u00f6rklaras av Tid\u00f6sidans d\u00e5liga utsikter i opinionen och att moderata v\u00e4ljare som kan t\u00e4nka sig ett mittenalternativ efter valet g\u00e5r \u00f6ver till KD, enligt Martinsson. <\/p>\n<p>Demoskops m\u00e4tmetoder har f\u00e5tt h\u00e5rd kritik eftersom de bygger p\u00e5 en sj\u00e4lvrekryterande panel, vilket kritiker menar ger mindre tillf\u00f6rlitliga resultat.<\/p>\n<p>Just nu uppl\u00e5st f\u00f6r alla<\/p>\n<p>Inte vid ett enda tillf\u00e4lle under mandatperioden har Tid\u00f6regeringen legat f\u00f6re oppositionen i opinionen. Men under sommaren har gapet mellan sidorna minskat.<\/p>\n<p>L\u00e4s vidare med Omni Mer<\/p>\n<p>Resultatet fr\u00e5n unders\u00f6kningen<\/p>\n<p>V: 6,8 (+0,3)<br \/>S: 30,4 (+0,2)<br \/>MP: 6,8 (+0,2)<br \/>C: 7,7 (+0,4)<br \/>L: 2,0 (\u22120,4)<br \/>KD: 8,5 (+1,0)<br \/>M: 17,2 (+0,4)<br \/>SD: 18,3 (\u22121,9)<\/p>\n<p>(F\u00f6r\u00e4ndring fr\u00e5n f\u00f6rg\u00e5ende m\u00e4tning inom parentes)<\/p>\n<p>Omni \u00e4r politiskt obundna och oberoende. Vi str\u00e4var efter att ge fler perspektiv p\u00e5 nyheterna. Har du fr\u00e5gor eller synpunkter kring v\u00e5r rapportering? <a href=\"https:\/\/omni.se\/hoger-med-hjarta-gar-hem-hos-valjare-kd-tar-roster-fran-m-i-ny-matning\/a\/mailto:redaktion@omni.se\" class=\"ArticleActions-module-scss-module__w9u9BG__contactLink\" rel=\"nofollow noopener\" target=\"_blank\">Kontakta redaktionen<\/a><\/p>\n","protected":false},"excerpt":{"rendered":"Kristdemokraterna landar p\u00e5 8,5 procents v\u00e4ljarst\u00f6d i Aftonbladet\/Demoskops augustim\u00e4tning, vilket \u00e4r en toppnotering f\u00f6r partiet under mandatperioden. Under&hellip;\n","protected":false},"author":2,"featured_media":354065,"comment_status":"","ping_status":"","sticky":false,"template":"","format":"standard","meta":{"footnotes":"","_share_on_mastodon":"0"},"categories":[5],"tags":[22,23,1983,12388,1106,2290,26,27,17,21,1107,24,25,28,29,551,15,16,369,18,34,1557,31,33,617,32,30,19,20,1111,3416,1406],"class_list":["post-354064","post","type-post","status-publish","format-standard","has-post-thumbnail","category-rubriker","tag-breaking-news","tag-breakingnews","tag-centerpartiet","tag-demoskop","tag-ebba-busch","tag-familjepolitik","tag-featured-news","tag-featurednews","tag-headlines","tag-huvudnyheter","tag-kristdemokraterna","tag-latest-news","tag-latestnews","tag-main-news","tag-mainnews","tag-moderaterna","tag-news","tag-nyheter","tag-politik","tag-rubriker","tag-se","tag-socialdemokraterna","tag-svenska","tag-sverige","tag-sverigedemokraterna","tag-sweden","tag-swedish","tag-top-stories","tag-topstories","tag-ulf-kristersson","tag-valet-2026","tag-vansterpartiet"],"share_on_mastodon":{"url":"https:\/\/pubeurope.com\/@se\/117165765569158084","error":""},"_links":{"self":[{"href":"https:\/\/www.europesays.com\/se\/wp-json\/wp\/v2\/posts\/354064","targetHints":{"allow":["GET"]}}],"collection":[{"href":"https:\/\/www.europesays.com\/se\/wp-json\/wp\/v2\/posts"}],"about":[{"href":"https:\/\/www.europesays.com\/se\/wp-json\/wp\/v2\/types\/post"}],"author":[{"embeddable":true,"href":"https:\/\/www.europesays.com\/se\/wp-json\/wp\/v2\/users\/2"}],"replies":[{"embeddable":true,"href":"https:\/\/www.europesays.com\/se\/wp-json\/wp\/v2\/comments?post=354064"}],"version-history":[{"count":0,"href":"https:\/\/www.europesays.com\/se\/wp-json\/wp\/v2\/posts\/354064\/revisions"}],"wp:featuredmedia":[{"embeddable":true,"href":"https:\/\/www.europesays.com\/se\/wp-json\/wp\/v2\/media\/354065"}],"wp:attachment":[{"href":"https:\/\/www.europesays.com\/se\/wp-json\/wp\/v2\/media?parent=354064"}],"wp:term":[{"taxonomy":"category","embeddable":true,"href":"https:\/\/www.europesays.com\/se\/wp-json\/wp\/v2\/categories?post=354064"},{"taxonomy":"post_tag","embeddable":true,"href":"https:\/\/www.europesays.com\/se\/wp-json\/wp\/v2\/tags?post=354064"}],"curies":[{"name":"wp","href":"https:\/\/api.w.org\/{rel}","templated":true}]}}