{"id":354090,"date":"2026-08-27T05:36:08","date_gmt":"2026-08-27T05:36:08","guid":{"rendered":"https:\/\/www.europesays.com\/se\/354090\/"},"modified":"2026-08-27T05:36:08","modified_gmt":"2026-08-27T05:36:08","slug":"hjarnkirurger-fick-stod-av-ai-inga-vagskyltar","status":"publish","type":"post","link":"https:\/\/www.europesays.com\/se\/354090\/","title":{"rendered":"Hj\u00e4rnkirurger fick st\u00f6d av AI: \u201dInga v\u00e4gskyltar\u201d"},"content":{"rendered":"<p>F\u00f6r f\u00f6rsta g\u00e5ngen har en hj\u00e4rnoperation assisterad av AI genomf\u00f6rts, rapporterar brittiska medier. Under operationen lyckades kirurgerna p\u00e5 University College London Hospital avl\u00e4gsna en tum\u00f6r fr\u00e5n tv\u00e5barnsfadern Rhys Hibbert fr\u00e5n Bedfordshire.<\/p>\n<p>Till sin hj\u00e4lp hade de ett AI-verktyg som analyserade operationen i realtid och gav kirurgerna r\u00e5d f\u00f6r att hj\u00e4lpa dem undvika dolda blodk\u00e4rl och nerver i hj\u00e4rnan.<\/p>\n<p>\u2013 Jag kan absolut se f\u00f6rdelarna fr\u00e5n ett patients\u00e4kerhetsperspektiv. Det finns ju inga v\u00e4gskyltar i hj\u00e4rnan, s\u00e4ger Hibbert.<\/p>\n<p>Omni \u00e4r politiskt obundna och oberoende. Vi str\u00e4var efter att ge fler perspektiv p\u00e5 nyheterna. Har du fr\u00e5gor eller synpunkter kring v\u00e5r rapportering? <a href=\"https:\/\/omni.se\/hjarnkirurger-fick-stod-av-ai-inga-vagskyltar\/a\/mailto:redaktion@omni.se\" class=\"ArticleActions-module-scss-module__w9u9BG__contactLink\" rel=\"nofollow noopener\" target=\"_blank\">Kontakta redaktionen<\/a><\/p>\n","protected":false},"excerpt":{"rendered":"F\u00f6r f\u00f6rsta g\u00e5ngen har en hj\u00e4rnoperation assisterad av AI genomf\u00f6rts, rapporterar brittiska medier. Under operationen lyckades kirurgerna p\u00e5&hellip;\n","protected":false},"author":2,"featured_media":354091,"comment_status":"","ping_status":"","sticky":false,"template":"","format":"standard","meta":{"footnotes":"","_share_on_mastodon":"0"},"categories":[14],"tags":[466,22,23,333,26,27,17,21,334,24,25,28,29,15,16,18,34,31,33,32,30,19,20,51,52,53,54],"class_list":["post-354090","post","type-post","status-publish","format-standard","has-post-thumbnail","category-varlden","tag-artificiell-intelligens","tag-breaking-news","tag-breakingnews","tag-data","tag-featured-news","tag-featurednews","tag-headlines","tag-huvudnyheter","tag-it-hogteknologi","tag-latest-news","tag-latestnews","tag-main-news","tag-mainnews","tag-news","tag-nyheter","tag-rubriker","tag-se","tag-svenska","tag-sverige","tag-sweden","tag-swedish","tag-top-stories","tag-topstories","tag-varlden","tag-world","tag-world-news","tag-worldnews"],"share_on_mastodon":{"url":"https:\/\/pubeurope.com\/@se\/117165856123132950","error":""},"_links":{"self":[{"href":"https:\/\/www.europesays.com\/se\/wp-json\/wp\/v2\/posts\/354090","targetHints":{"allow":["GET"]}}],"collection":[{"href":"https:\/\/www.europesays.com\/se\/wp-json\/wp\/v2\/posts"}],"about":[{"href":"https:\/\/www.europesays.com\/se\/wp-json\/wp\/v2\/types\/post"}],"author":[{"embeddable":true,"href":"https:\/\/www.europesays.com\/se\/wp-json\/wp\/v2\/users\/2"}],"replies":[{"embeddable":true,"href":"https:\/\/www.europesays.com\/se\/wp-json\/wp\/v2\/comments?post=354090"}],"version-history":[{"count":0,"href":"https:\/\/www.europesays.com\/se\/wp-json\/wp\/v2\/posts\/354090\/revisions"}],"wp:featuredmedia":[{"embeddable":true,"href":"https:\/\/www.europesays.com\/se\/wp-json\/wp\/v2\/media\/354091"}],"wp:attachment":[{"href":"https:\/\/www.europesays.com\/se\/wp-json\/wp\/v2\/media?parent=354090"}],"wp:term":[{"taxonomy":"category","embeddable":true,"href":"https:\/\/www.europesays.com\/se\/wp-json\/wp\/v2\/categories?post=354090"},{"taxonomy":"post_tag","embeddable":true,"href":"https:\/\/www.europesays.com\/se\/wp-json\/wp\/v2\/tags?post=354090"}],"curies":[{"name":"wp","href":"https:\/\/api.w.org\/{rel}","templated":true}]}}