{"id":354248,"date":"2026-08-27T08:11:17","date_gmt":"2026-08-27T08:11:17","guid":{"rendered":"https:\/\/www.europesays.com\/se\/354248\/"},"modified":"2026-08-27T08:11:17","modified_gmt":"2026-08-27T08:11:17","slug":"yayoi-kusama-ar-dod-blev-97-ar","status":"publish","type":"post","link":"https:\/\/www.europesays.com\/se\/354248\/","title":{"rendered":"Yayoi Kusama \u00e4r d\u00f6d \u2013 blev 97 \u00e5r"},"content":{"rendered":"<p>  <img alt=\"Yayoi Kusama framf\u00f6r ett av sina verk. Arkivbild.\" class=\"_image_1jxax_84 layout-component layout-wide\" data-fullscreen- data-track-element-type=\"Article image fullscreen\" data-track-name=\"ImageFullscreen\" fetchpriority=\"high\" decoding=\"sync\" loading=\"eager\" height=\"2349\" itemprop=\"image\"  src=\"https:\/\/www.europesays.com\/se\/wp-content\/uploads\/2026\/08\/1787818277_442_b6198c0a-1985-3486-852f-cbb21e393316.jpeg\"  style=\"object-position:0% 0%\" width=\"4008\"\/>Yayoi Kusama framf\u00f6r ett av sina verk. Arkivbild.  Foto: Kirsty Wigglesworth\/AP\/TTVisa mer<\/p>\n<p class=\"_textTheme_zldsx_1 _lead_16k26_2 _lead_3ue4t_18 layout-component layout-normal layout-padded _lead_o6m9k_5 _leadTheme_1q6sv_1 body-large bold\">Den japanska konstn\u00e4ren Yayoi Kusama, k\u00e4nd f\u00f6r karakt\u00e4ristiskt prickm\u00f6nstrade verk, har avlidit. Hon blev 97 \u00e5r.<\/p>\n<p class=\"_textTheme_zldsx_1 _paragraph_16k26_4 _paragraph_3ue4t_27 layout-component layout-normal layout-padded body-medium\">Hon har kallats \u201dprickdrottningen\u201d och har med psykedeliska m\u00e5lningar, skulpturer och installationer blivit en av v\u00e4rldens mest uppm\u00e4rksammade konstn\u00e4rer.<\/p>\n<p class=\"_textTheme_zldsx_1 _paragraph_16k26_4 _paragraph_3ue4t_27 layout-component layout-normal layout-padded body-medium\">Kusama avled enligt sitt f\u00f6retag p\u00e5 ett sjukhus i Tokyo den 14 augusti, men beskedet om hennes d\u00f6d kom f\u00f6rst p\u00e5 torsdagen.<\/p>\n<p class=\"_textTheme_zldsx_1 _paragraph_16k26_4 _paragraph_3ue4t_27 layout-component layout-normal layout-padded body-medium\">\u201dHon fortsatte att m\u00e5la \u00e4nda in till sina sista dagar, utan att n\u00e5gonsin l\u00e4gga undan penseln, och fortsatte att utforska evig k\u00e4rlek och den eviga sj\u00e4len\u201d, st\u00e5r det i ett uttalande fr\u00e5n f\u00f6retaget.<\/p>\n<p> Teckningar ett st\u00f6d <\/p>\n<p class=\"_textTheme_zldsx_1 _paragraph_16k26_4 _paragraph_3ue4t_27 layout-component layout-normal layout-padded body-medium\">F\u00f6dd 1929 som den yngsta dottern i en v\u00e4lb\u00e4rgad men problemtyngd familj b\u00f6rjade Kusama med sin prickkonst redan som tio\u00e5ring.<\/p>\n<p class=\"_textTheme_zldsx_1 _paragraph_16k26_4 _paragraph_3ue4t_27 layout-component layout-normal layout-padded body-medium\">\u201dMin mamma \u00e5ngrade min f\u00f6delse, och jag drevs till min bristningsgr\u00e4ns psykiskt\u201d, skriver hon i sj\u00e4lvbiografin \u201dA personal history of polka dots\u201d enligt AFP.<\/p>\n<p class=\"_textTheme_zldsx_1 _paragraph_16k26_4 _paragraph_3ue4t_27 layout-component layout-normal layout-padded body-medium\">\u201dN\u00e4r jag k\u00e4nde mig ledsen eller ensam s\u00e5 blev allting b\u00e4ttre n\u00e4r jag ritade teckningar.\u201d<\/p>\n<p class=\"_textTheme_zldsx_1 _paragraph_16k26_4 _paragraph_3ue4t_27 layout-component layout-normal layout-padded body-medium\">Hon var verksam som konstn\u00e4r sedan 1950-talet. De karakt\u00e4ristiskt livfulla konstverken var ett uttryck f\u00f6r hennes l\u00e5nga kamp mot psykisk oh\u00e4lsa, skriver AFP. P\u00e5 senare \u00e5r har hon skapat konsten fr\u00e5n en atelj\u00e9 i n\u00e4rheten av en psykiatrisk klinik i Tokyo d\u00e4r hon frivilligt levde i halva sitt liv.<\/p>\n<p> Utst\u00e4llning i Stockholm <\/p>\n<p class=\"_textTheme_zldsx_1 _paragraph_16k26_4 _paragraph_3ue4t_27 layout-component layout-normal layout-padded body-medium\">\u201dJag s\u00e4tter prickar p\u00e5 hela min kropp och g\u00f6r omgivningen prickm\u00f6nstrad. Genom att skapa samma sak g\u00e5ng p\u00e5 g\u00e5ng blir min existens begraven i konsten\u201d, skriver hon vidare i biografin.<\/p>\n<p class=\"_textTheme_zldsx_1 _paragraph_16k26_4 _paragraph_3ue4t_27 layout-component layout-normal layout-padded body-medium\">Japanskans karri\u00e4r fick ett uppsving under det senaste decenniet, mycket tack vare att det blivit popul\u00e4rt att ta selfies mot bakgrund av hennes f\u00e4rgsprakande konst. 2016 visade Moderna museet i Stockholm en stor, uppm\u00e4rksammad retrospektiv utst\u00e4llning av hennes verk.<\/p>\n","protected":false},"excerpt":{"rendered":"Yayoi Kusama framf\u00f6r ett av sina verk. Arkivbild. Foto: Kirsty Wigglesworth\/AP\/TTVisa mer Den japanska konstn\u00e4ren Yayoi Kusama, k\u00e4nd&hellip;\n","protected":false},"author":2,"featured_media":354249,"comment_status":"","ping_status":"","sticky":false,"template":"","format":"standard","meta":{"footnotes":"","_share_on_mastodon":"0"},"categories":[67],"tags":[104,902,11932,34,31,33,32,30,105,40148],"class_list":["post-354248","post","type-post","status-publish","format-standard","has-post-thumbnail","category-underhallning","tag-entertainment","tag-konst","tag-moderna-museet","tag-se","tag-svenska","tag-sverige","tag-sweden","tag-swedish","tag-underhallning","tag-yayoi-kusama"],"share_on_mastodon":{"url":"https:\/\/pubeurope.com\/@se\/117166466612264258","error":""},"_links":{"self":[{"href":"https:\/\/www.europesays.com\/se\/wp-json\/wp\/v2\/posts\/354248","targetHints":{"allow":["GET"]}}],"collection":[{"href":"https:\/\/www.europesays.com\/se\/wp-json\/wp\/v2\/posts"}],"about":[{"href":"https:\/\/www.europesays.com\/se\/wp-json\/wp\/v2\/types\/post"}],"author":[{"embeddable":true,"href":"https:\/\/www.europesays.com\/se\/wp-json\/wp\/v2\/users\/2"}],"replies":[{"embeddable":true,"href":"https:\/\/www.europesays.com\/se\/wp-json\/wp\/v2\/comments?post=354248"}],"version-history":[{"count":0,"href":"https:\/\/www.europesays.com\/se\/wp-json\/wp\/v2\/posts\/354248\/revisions"}],"wp:featuredmedia":[{"embeddable":true,"href":"https:\/\/www.europesays.com\/se\/wp-json\/wp\/v2\/media\/354249"}],"wp:attachment":[{"href":"https:\/\/www.europesays.com\/se\/wp-json\/wp\/v2\/media?parent=354248"}],"wp:term":[{"taxonomy":"category","embeddable":true,"href":"https:\/\/www.europesays.com\/se\/wp-json\/wp\/v2\/categories?post=354248"},{"taxonomy":"post_tag","embeddable":true,"href":"https:\/\/www.europesays.com\/se\/wp-json\/wp\/v2\/tags?post=354248"}],"curies":[{"name":"wp","href":"https:\/\/api.w.org\/{rel}","templated":true}]}}