{"id":35434,"date":"2025-09-20T22:06:11","date_gmt":"2025-09-20T22:06:11","guid":{"rendered":"https:\/\/www.europesays.com\/se\/35434\/"},"modified":"2025-09-20T22:06:11","modified_gmt":"2025-09-20T22:06:11","slug":"bevapnad-man-gripen-vidcharlie-kirk-minnesceremoni","status":"publish","type":"post","link":"https:\/\/www.europesays.com\/se\/35434\/","title":{"rendered":"Bev\u00e4pnad man gripen vid\nCharlie Kirk-minnesceremoni"},"content":{"rendered":"<p>En minnesceremoni f\u00f6r Charlie Kirk ska h\u00e5llas p\u00e5 s\u00f6ndag.<\/p>\n<p>Nu har en bev\u00e4pnad man som p\u00e5stod sig vara polis gripits vid platsen f\u00f6r ceremonin, skriver <a href=\"https:\/\/thehill.com\/homenews\/state-watch\/5513674-man-detained-charlie-kirk-memorial-arizona\/\" rel=\"nofollow noopener\" target=\"_blank\">The Hill<\/a>.<\/p>\n<p>Senaste nyhetsklippen fr\u00e5n Expressen.<img   alt=\"\"\/><\/p>\n<p>Donald Trump och Charlie Kirk.<\/p>\n<p>Foto: INSTAR \/ STELLA PICTURES \/ STELLA PICTURES \/ INSTAR IMAGES INSTAR IMAGES<\/p>\n<p>\u00d6ppna bild i helsk\u00e4rm<\/p>\n<p>31-\u00e5rige <a href=\"https:\/\/www.expressen.se\/tagg\/person\/charlie-kirk\/\" class=\"\" rel=\"nofollow noopener\" target=\"_blank\">Charlie Kirk<\/a>, som stod Donald Trump n\u00e4ra, blev ihj\u00e4lskjuten under ett evenemang vid Utah Valley University f\u00f6rra veckan. 22-\u00e5rige Tyler Robinson, som greps dagen efter skjutningen, misst\u00e4nks f\u00f6r mordet p\u00e5 Kirk. Myndigheterna i Utah s\u00f6ker d\u00f6dsstraff f\u00f6r Robinson.<\/p>\n<p>En minnesceremoni f\u00f6r Kirk kommer att h\u00e5llas vid arenan State Farm Stadium som rymmer \u00f6ver 63 000 personer i Glendale, Arizona, p\u00e5 s\u00f6ndagen. Ceremonin kommer att ha \u201ds\u00e4kerhets\u00e5tg\u00e4rder p\u00e5 Super Bowl-niv\u00e5\u201d, enligt The Hill.\u00a0<\/p>\n<p>Federala myndigheter uppgav p\u00e5 fredagen att de f\u00f6ljer \u201dflera hot av ok\u00e4nd trov\u00e4rdighet\u201d mot personer som planerar att delta vid ceremonin. President Donald Trump, vicepresident JD Vance och andra representanter fr\u00e5n administrationen v\u00e4ntas tala vid ceremonin.<\/p>\n<p>\u201d\u00c4r inte en auktoriserad polis\u201d<\/p>\n<p>En man som p\u00e5stod sig vara polis greps under l\u00f6rdagen vid arenan d\u00e4r minnesceremonin f\u00f6r Kirk ska h\u00e5llas.<\/p>\n<p>Den bev\u00e4pnade mannen \u201duppvisade misst\u00e4nkt beteende\u201d i n\u00e4rheten av arenan. N\u00e4r Secret Service n\u00e4rmade sig mannen uppgav han att han var polis.<\/p>\n<p>\u2013 Personen \u00e4r inte en auktoriserad polis som arbetar vid evenemanget, s\u00e4ger en talesperson f\u00f6r Secret Service till NewsNation.<\/p>\n<p>Myndigheterna \u201dutreder omst\u00e4ndigheterna kring varf\u00f6r han befann sig p\u00e5 platsen\u201d.<\/p>\n","protected":false},"excerpt":{"rendered":"En minnesceremoni f\u00f6r Charlie Kirk ska h\u00e5llas p\u00e5 s\u00f6ndag. Nu har en bev\u00e4pnad man som p\u00e5stod sig vara&hellip;\n","protected":false},"author":2,"featured_media":35435,"comment_status":"","ping_status":"","sticky":false,"template":"","format":"standard","meta":{"footnotes":""},"categories":[5],"tags":[22,23,26,27,17,21,24,25,424,28,29,15,3132,16,3131,18,34,55,31,33,32,30,19,20],"class_list":{"0":"post-35434","1":"post","2":"type-post","3":"status-publish","4":"format-standard","5":"has-post-thumbnail","7":"category-rubriker","8":"tag-breaking-news","9":"tag-breakingnews","10":"tag-featured-news","11":"tag-featurednews","12":"tag-headlines","13":"tag-huvudnyheter","14":"tag-latest-news","15":"tag-latestnews","16":"tag-location-arizona","17":"tag-main-news","18":"tag-mainnews","19":"tag-news","20":"tag-newsstory-charlie-kirk-mordad","21":"tag-nyheter","22":"tag-person-charlie-kirk","23":"tag-rubriker","24":"tag-se","25":"tag-sections-varlden","26":"tag-svenska","27":"tag-sverige","28":"tag-sweden","29":"tag-swedish","30":"tag-top-stories","31":"tag-topstories"},"share_on_mastodon":{"url":"","error":""},"_links":{"self":[{"href":"https:\/\/www.europesays.com\/se\/wp-json\/wp\/v2\/posts\/35434","targetHints":{"allow":["GET"]}}],"collection":[{"href":"https:\/\/www.europesays.com\/se\/wp-json\/wp\/v2\/posts"}],"about":[{"href":"https:\/\/www.europesays.com\/se\/wp-json\/wp\/v2\/types\/post"}],"author":[{"embeddable":true,"href":"https:\/\/www.europesays.com\/se\/wp-json\/wp\/v2\/users\/2"}],"replies":[{"embeddable":true,"href":"https:\/\/www.europesays.com\/se\/wp-json\/wp\/v2\/comments?post=35434"}],"version-history":[{"count":0,"href":"https:\/\/www.europesays.com\/se\/wp-json\/wp\/v2\/posts\/35434\/revisions"}],"wp:featuredmedia":[{"embeddable":true,"href":"https:\/\/www.europesays.com\/se\/wp-json\/wp\/v2\/media\/35435"}],"wp:attachment":[{"href":"https:\/\/www.europesays.com\/se\/wp-json\/wp\/v2\/media?parent=35434"}],"wp:term":[{"taxonomy":"category","embeddable":true,"href":"https:\/\/www.europesays.com\/se\/wp-json\/wp\/v2\/categories?post=35434"},{"taxonomy":"post_tag","embeddable":true,"href":"https:\/\/www.europesays.com\/se\/wp-json\/wp\/v2\/tags?post=35434"}],"curies":[{"name":"wp","href":"https:\/\/api.w.org\/{rel}","templated":true}]}}