{"id":35438,"date":"2025-09-20T22:09:07","date_gmt":"2025-09-20T22:09:07","guid":{"rendered":"https:\/\/www.europesays.com\/se\/35438\/"},"modified":"2025-09-20T22:09:07","modified_gmt":"2025-09-20T22:09:07","slug":"kates-budskap-till-prins-harry-det-sager-allt","status":"publish","type":"post","link":"https:\/\/www.europesays.com\/se\/35438\/","title":{"rendered":"Kates budskap till prins Harry: \u201dDet s\u00e4ger allt\u201d"},"content":{"rendered":"<p>Publicerad 20 sep 2025 kl 23.28<\/p>\n<p>Prins Williams och frun Kates hantering av prins Harrys f\u00f6delsedag har v\u00e4ckt uppm\u00e4rksamhet.<\/p>\n<p>Hovexperten Duncan Lancombe menar att \u201dKates tystnad s\u00e4ger allt\u201d och att det \u201d\u00e4r Harry som har bollen nu\u201d.<\/p>\n<p>\u2013 Kates budskap var tydligt, s\u00e4ger Lancombe till <a href=\"https:\/\/www.ok.co.uk\/celebrity-news\/kate-middletons-coded-messages-prince-35927541\" rel=\"nofollow noopener\" target=\"_blank\">OK!<\/a>.<\/p>\n<p>Regenterna och tronf\u00f6ljden \u2013 h\u00e4r \u00e4r brittiska kungahuset<img loading=\"lazy\"   alt=\"\"\/><\/p>\n<p>Prins William och frun Kate.<\/p>\n<p>Foto: POOL \/ STELLA PICTURES\/ZUMA PRESS ZUMA PRESS<\/p>\n<p>\u00d6ppna bild i helsk\u00e4rm<img loading=\"lazy\"   alt=\"\"\/><\/p>\n<p>Prins Harry.<\/p>\n<p>Foto: AA \/ STELLA PICTURES\/ABACA PRESS ABACA PRESS<\/p>\n<p>\u00d6ppna bild i helsk\u00e4rm<\/p>\n<p>N\u00e4r prins Harry fyllde 40 \u00e5r f\u00f6rra \u00e5ret skickade b\u00e5de pappan kung Charles samt brodern prins William och hans fru Kate offentliga f\u00f6delsedagsh\u00e4lsningar.\u00a0<\/p>\n<p>\u201dVi \u00f6nskar hertigen av Sussex en riktigt glad 40-\u00e5rsdag i dag\u201d, skrev kungafamiljen p\u00e5 sociala medier, ett inl\u00e4gg som delades Williams och Kates gemensamma konto.<\/p>\n<p>Men n\u00e4r prinsen fyllde \u00e5r i m\u00e5ndags uppm\u00e4rksammades det inte av n\u00e5gon av kungligheterna. Enligt hovexperten Duncan Lancombe \u00e4r det ett tydligt tecken p\u00e5 att William, och s\u00e4rskilt Kate, har \u201dsv\u00e5rt att f\u00f6rl\u00e5ta\u201d allt som h\u00e4nt de senaste \u00e5ren.<\/p>\n<p>\u2013 Kates tystnad s\u00e4ger allt. De skrev ingenting p\u00e5 hans f\u00f6delsedag, vilket kungafamiljen normalt brukar g\u00f6ra. S\u00e5 Kates budskap var tydligt: Det \u00e4r inte vi som har bollen nu, Harry \u2013 det \u00e4r du, s\u00e4ger Lancombe.<\/p>\n<p>\u201dKallade Kate f\u00f6r l\u00f6gnare\u201d<\/p>\n<p>Han menade att det nu \u00e4r Harry som m\u00e5ste ta initiativet om relationen med kungafamiljen ska kunna repareras. Enligt Lancombe \u00e4r William \u201dfortfarande uppr\u00f6rd\u201d efter Harrys och Meghans \u201dpersonliga attacker mot Kate\u201d.<\/p>\n<p>\u2013 Vi ska inte gl\u00f6mma att Harry och Meghan kallade Kate f\u00f6r l\u00f6gnare, vilket \u00e4r ganska sv\u00e5rt att f\u00f6rl\u00e5ta. S\u00e5 de tog tydligt beslutet att de inte ville tr\u00e4ffa Harry n\u00e4r han var tillbaka i Storbritannien \u2013 faktiskt gjorde de n\u00e4stan allt f\u00f6r att undvika honom. De \u00e4r inte redo f\u00f6r n\u00e5gon f\u00f6rsoning, s\u00e4ger Lancombe.<\/p>\n<p>\u201d\u00c4r fortfarande arga p\u00e5 Harry\u201d<\/p>\n<p>Harry tr\u00e4ffade nyligen sin pappa Charles f\u00f6r f\u00f6rsta g\u00e5ngen p\u00e5 19 m\u00e5nader. Men det finns inga tecken p\u00e5 en f\u00f6rsoning mellan Harry, brodern eller sv\u00e4gerskan. Lancombe beskrev prinsparets val att inte gratulera Harry som ett \u201dsubtilt budskap\u201d<\/p>\n<p>\u2013 De \u00e4r inte beredda att skicka glada f\u00f6delsedagsh\u00e4lsningar till Harry s\u00e5 de f\u00f6rblir tysta och undviker honom till varje pris, s\u00e4ger Lancombe.<\/p>\n<p>Det \u00e4r tre \u00e5r sedan Kate och William tr\u00e4ffade Harry och Meghan.\u00a0<\/p>\n<p>\u2013 Det \u00e4r l\u00e5ng tid. De \u00e4r fortfarande tydligt arga p\u00e5 Harry, s\u00e5 n\u00e5gon f\u00f6rsoning \u00e4r inte aktuell. Det verkar som att relationen \u00e4r lika frostig som tidigare, s\u00e4ger Lancombe.<\/p>\n","protected":false},"excerpt":{"rendered":"Publicerad 20 sep 2025 kl 23.28 Prins Williams och frun Kates hantering av prins Harrys f\u00f6delsedag har v\u00e4ckt&hellip;\n","protected":false},"author":2,"featured_media":35439,"comment_status":"","ping_status":"","sticky":false,"template":"","format":"standard","meta":{"footnotes":""},"categories":[67],"tags":[104,2691,2056,1974,34,612,31,33,32,30,105],"class_list":{"0":"post-35438","1":"post","2":"type-post","3":"status-publish","4":"format-standard","5":"has-post-thumbnail","7":"category-underhallning","8":"tag-entertainment","9":"tag-person-kate-middleton","10":"tag-person-prins-harry","11":"tag-person-prins-william","12":"tag-se","13":"tag-sections-kungligt","14":"tag-svenska","15":"tag-sverige","16":"tag-sweden","17":"tag-swedish","18":"tag-underhallning"},"share_on_mastodon":{"url":"","error":""},"_links":{"self":[{"href":"https:\/\/www.europesays.com\/se\/wp-json\/wp\/v2\/posts\/35438","targetHints":{"allow":["GET"]}}],"collection":[{"href":"https:\/\/www.europesays.com\/se\/wp-json\/wp\/v2\/posts"}],"about":[{"href":"https:\/\/www.europesays.com\/se\/wp-json\/wp\/v2\/types\/post"}],"author":[{"embeddable":true,"href":"https:\/\/www.europesays.com\/se\/wp-json\/wp\/v2\/users\/2"}],"replies":[{"embeddable":true,"href":"https:\/\/www.europesays.com\/se\/wp-json\/wp\/v2\/comments?post=35438"}],"version-history":[{"count":0,"href":"https:\/\/www.europesays.com\/se\/wp-json\/wp\/v2\/posts\/35438\/revisions"}],"wp:featuredmedia":[{"embeddable":true,"href":"https:\/\/www.europesays.com\/se\/wp-json\/wp\/v2\/media\/35439"}],"wp:attachment":[{"href":"https:\/\/www.europesays.com\/se\/wp-json\/wp\/v2\/media?parent=35438"}],"wp:term":[{"taxonomy":"category","embeddable":true,"href":"https:\/\/www.europesays.com\/se\/wp-json\/wp\/v2\/categories?post=35438"},{"taxonomy":"post_tag","embeddable":true,"href":"https:\/\/www.europesays.com\/se\/wp-json\/wp\/v2\/tags?post=35438"}],"curies":[{"name":"wp","href":"https:\/\/api.w.org\/{rel}","templated":true}]}}