{"id":354654,"date":"2026-08-27T13:00:14","date_gmt":"2026-08-27T13:00:14","guid":{"rendered":"https:\/\/www.europesays.com\/se\/354654\/"},"modified":"2026-08-27T13:00:14","modified_gmt":"2026-08-27T13:00:14","slug":"otto-ruin-darfor-syns-kusama-overallt","status":"publish","type":"post","link":"https:\/\/www.europesays.com\/se\/354654\/","title":{"rendered":"Otto Ruin: D\u00e4rf\u00f6r syns Kusama \u00f6verallt"},"content":{"rendered":"<p>  <a href=\"https:\/\/www.svd.se\/av\/otto-ruin\" title=\"Otto Ruin\" rel=\"nofollow noopener\" target=\"_blank\"><img decoding=\"async\" alt=\"Otto Ruin\" class=\"_image_12vp2_69\" loading=\"lazy\"  src=\"https:\/\/www.europesays.com\/se\/wp-content\/uploads\/2026\/08\/2d642621-7bca-4bc2-a595-90a8c200f5ab.jpeg\"  width=\"40\"\/><\/a><img alt=\"\" class=\"_image_1jxax_84 layout-component layout-wide\" data-fullscreen- data-track-element-type=\"Article image fullscreen\" data-track-name=\"ImageFullscreen\" fetchpriority=\"high\" decoding=\"sync\" loading=\"eager\" height=\"2000\" itemprop=\"image\"  src=\"https:\/\/www.europesays.com\/se\/wp-content\/uploads\/2026\/08\/89b63a2e-4bba-3de2-9daf-ac134196c814.jpeg\"  style=\"object-position:0% 0%\" width=\"3000\"\/><\/p>\n<p class=\"_textTheme_zldsx_1 _lead_16k26_2 _lead_3ue4t_18 layout-component layout-normal layout-padded _lead_o6m9k_5 _leadTheme_1q6sv_1 body-large bold\">Konstn\u00e4ren Yayoi Kusama har avlidit, 97 \u00e5r gammal. Med henne f\u00f6rsvinner en av de stora \u2013 men den som l\u00e5ter blicken vila kan se henne \u00f6verallt, skriver Otto Ruin.<\/p>\n<p class=\"_textTheme_zldsx_1 _paragraph_16k26_4 _paragraph_3ue4t_27 layout-component layout-normal\">Detta \u00e4r en kommentar. Eventuella \u00e5sikter som uttrycks \u00e4r skribentens egna.<\/p>\n<p class=\"_textTheme_zldsx_1 _paragraph_16k26_4 _paragraph_3ue4t_27 layout-component layout-normal layout-padded body-medium\">N\u00e4r Stockholms gallerier \u00f6ppnade f\u00f6rra veckan fann jag mig vid ett tillf\u00e4lle i ett vitt rum med ett par runda r\u00f6dm\u00e5lade tavlor. Reflekterande \u00f6ver deras inneb\u00f6rd h\u00f6rde jag mig sj\u00e4lv viska namnet Yayoi Kusama. Den kraften hade den japanska konstn\u00e4ren som nu har g\u00e5tt bort vid 97 \u00e5rs \u00e5lder. Hade man vid ett tillf\u00e4lle f\u00e5tt tr\u00e4da in i hennes v\u00e4rld av f\u00e4rg och prickar tycktes hon sedan dyka upp \u00f6verallt. I naturen, p\u00e5 kl\u00e4der, hos andra konstn\u00e4rer kunde pl\u00f6tsliga ekon av hennes sprakande universum uppst\u00e5.<\/p>\n<p class=\"_textTheme_zldsx_1 _paragraph_16k26_4 _paragraph_3ue4t_27 layout-component layout-normal layout-padded body-medium\">Yayoi Kusama f\u00f6ddes 1929 i Matsumoto i centrala Japan. Pr\u00e4glad av kriget och en h\u00e5rd uppv\u00e4xt s\u00f6kte hon tidigt till konsten. Som ung led hon av hallucinationer som hon senare beskrev som k\u00e4llan till det polkam\u00f6nster som kom att pr\u00e4gla konstn\u00e4rskapet. Hon studerade traditionellt japanskt m\u00e5leri, nihonga, i Kyoto. Den lokala konstscenen var alltf\u00f6r konservativ, s\u00e4rskilt f\u00f6r en ung kvinna. 1957 flyttade hon till New York d\u00e4r hon snabbt kom i kontakt med stadens innersta konstscen, med namn som Andy Warhol, Donald Judd och Eva Hesse.<\/p>\n","protected":false},"excerpt":{"rendered":"Konstn\u00e4ren Yayoi Kusama har avlidit, 97 \u00e5r gammal. Med henne f\u00f6rsvinner en av de stora \u2013 men den&hellip;\n","protected":false},"author":2,"featured_media":354655,"comment_status":"","ping_status":"","sticky":false,"template":"","format":"standard","meta":{"footnotes":"","_share_on_mastodon":"0"},"categories":[67],"tags":[12737,104,902,40204,11932,34,21491,31,33,32,30,105,40148],"class_list":["post-354654","post","type-post","status-publish","format-standard","has-post-thumbnail","category-underhallning","tag-andy-warhol","tag-entertainment","tag-konst","tag-kyoto","tag-moderna-museet","tag-se","tag-svd-berattande-kultur","tag-svenska","tag-sverige","tag-sweden","tag-swedish","tag-underhallning","tag-yayoi-kusama"],"share_on_mastodon":{"url":"https:\/\/pubeurope.com\/@se\/117167602591993609","error":""},"_links":{"self":[{"href":"https:\/\/www.europesays.com\/se\/wp-json\/wp\/v2\/posts\/354654","targetHints":{"allow":["GET"]}}],"collection":[{"href":"https:\/\/www.europesays.com\/se\/wp-json\/wp\/v2\/posts"}],"about":[{"href":"https:\/\/www.europesays.com\/se\/wp-json\/wp\/v2\/types\/post"}],"author":[{"embeddable":true,"href":"https:\/\/www.europesays.com\/se\/wp-json\/wp\/v2\/users\/2"}],"replies":[{"embeddable":true,"href":"https:\/\/www.europesays.com\/se\/wp-json\/wp\/v2\/comments?post=354654"}],"version-history":[{"count":0,"href":"https:\/\/www.europesays.com\/se\/wp-json\/wp\/v2\/posts\/354654\/revisions"}],"wp:featuredmedia":[{"embeddable":true,"href":"https:\/\/www.europesays.com\/se\/wp-json\/wp\/v2\/media\/354655"}],"wp:attachment":[{"href":"https:\/\/www.europesays.com\/se\/wp-json\/wp\/v2\/media?parent=354654"}],"wp:term":[{"taxonomy":"category","embeddable":true,"href":"https:\/\/www.europesays.com\/se\/wp-json\/wp\/v2\/categories?post=354654"},{"taxonomy":"post_tag","embeddable":true,"href":"https:\/\/www.europesays.com\/se\/wp-json\/wp\/v2\/tags?post=354654"}],"curies":[{"name":"wp","href":"https:\/\/api.w.org\/{rel}","templated":true}]}}