{"id":354728,"date":"2026-08-27T13:52:11","date_gmt":"2026-08-27T13:52:11","guid":{"rendered":"https:\/\/www.europesays.com\/se\/354728\/"},"modified":"2026-08-27T13:52:11","modified_gmt":"2026-08-27T13:52:11","slug":"har-doper-trump-om-nytt-stort-omrade-i-tiktok-video","status":"publish","type":"post","link":"https:\/\/www.europesays.com\/se\/354728\/","title":{"rendered":"H\u00e4r d\u00f6per Trump om nytt stort omr\u00e5de i TikTok-video"},"content":{"rendered":"<p>Uppdaterad 27 aug 2026 kl 15.32Publicerad 27 aug 2026 kl 15.30<\/p>\n<p>I en nypublicerad video p\u00e5 plattformen TikTok d\u00f6per Donald Trump \u00e5terigen om ett stort omr\u00e5de, som inte bara ligger inom USA:s gr\u00e4nser. Det \u00e4r sj\u00f6n Lake Ontario som presidenten nu vill ska heta Lake America. Sedan tidigare har Trump kr\u00e4vt att Mexikanska golfen h\u00e4danefter ska kallas Amerikanska golfen.<\/p>\n<p>            <a href=\"mailto:webbrattelse@expressen.se?subject=Fel%20i%20artikel%3A%20Trump%20%E2%80%9Dd%C3%B6per%20om%E2%80%9D%20%C3%A4nnu%20ett%20omr%C3%A5de&amp;body=En%20l%C3%A4sare%20rapporterar%20fel%20i%20https%3A%2F%2Fwww.expressen.se%2Ftv%2Fnyheter%2Fvarlden%2Ftrump-doper-om-annu-ett-omrade%2F%0A%0AKommentar%3A%20\"><br \/>\n              Anm\u00e4l text- och faktafel<br \/>\n            <\/a><a href=\"https:\/\/www.expressen.se\/om-expressen\/sa-jobbar-vi-med-korrekta-publiceringar\/\" rel=\"nofollow noopener\" target=\"_blank\">V\u00e5ra kvalitetsrutiner<\/a><\/p>\n","protected":false},"excerpt":{"rendered":"Uppdaterad 27 aug 2026 kl 15.32Publicerad 27 aug 2026 kl 15.30 I en nypublicerad video p\u00e5 plattformen TikTok&hellip;\n","protected":false},"author":2,"featured_media":354729,"comment_status":"","ping_status":"","sticky":false,"template":"","format":"standard","meta":{"footnotes":"","_share_on_mastodon":"0"},"categories":[65],"tags":[387,72,385,70,71,1091,30167,34,31,33,32,30,74,51],"class_list":["post-354728","post","type-post","status-publish","format-standard","has-post-thumbnail","category-ekonomi","tag-amerikansk-politik","tag-business","tag-donald-trump","tag-economy","tag-ekonomi","tag-kanada","tag-nyhetsvideo","tag-se","tag-svenska","tag-sverige","tag-sweden","tag-swedish","tag-usa","tag-varlden"],"share_on_mastodon":{"url":"https:\/\/pubeurope.com\/@se\/117167806538334883","error":""},"_links":{"self":[{"href":"https:\/\/www.europesays.com\/se\/wp-json\/wp\/v2\/posts\/354728","targetHints":{"allow":["GET"]}}],"collection":[{"href":"https:\/\/www.europesays.com\/se\/wp-json\/wp\/v2\/posts"}],"about":[{"href":"https:\/\/www.europesays.com\/se\/wp-json\/wp\/v2\/types\/post"}],"author":[{"embeddable":true,"href":"https:\/\/www.europesays.com\/se\/wp-json\/wp\/v2\/users\/2"}],"replies":[{"embeddable":true,"href":"https:\/\/www.europesays.com\/se\/wp-json\/wp\/v2\/comments?post=354728"}],"version-history":[{"count":0,"href":"https:\/\/www.europesays.com\/se\/wp-json\/wp\/v2\/posts\/354728\/revisions"}],"wp:featuredmedia":[{"embeddable":true,"href":"https:\/\/www.europesays.com\/se\/wp-json\/wp\/v2\/media\/354729"}],"wp:attachment":[{"href":"https:\/\/www.europesays.com\/se\/wp-json\/wp\/v2\/media?parent=354728"}],"wp:term":[{"taxonomy":"category","embeddable":true,"href":"https:\/\/www.europesays.com\/se\/wp-json\/wp\/v2\/categories?post=354728"},{"taxonomy":"post_tag","embeddable":true,"href":"https:\/\/www.europesays.com\/se\/wp-json\/wp\/v2\/tags?post=354728"}],"curies":[{"name":"wp","href":"https:\/\/api.w.org\/{rel}","templated":true}]}}