{"id":354800,"date":"2026-08-27T14:54:11","date_gmt":"2026-08-27T14:54:11","guid":{"rendered":"https:\/\/www.europesays.com\/se\/354800\/"},"modified":"2026-08-27T14:54:11","modified_gmt":"2026-08-27T14:54:11","slug":"nya-ledtradar-om-orsaker-bakom-klusterhuvudvark","status":"publish","type":"post","link":"https:\/\/www.europesays.com\/se\/354800\/","title":{"rendered":"Nya ledtr\u00e5dar om orsaker bakom klusterhuvudv\u00e4rk"},"content":{"rendered":"<p>Inflammation, f\u00f6r\u00e4ndrad genreglering och exponering f\u00f6r \u00e4mnen i tobaksr\u00f6k kan ha betydelse f\u00f6r utvecklingen av s\u00e5 kallad klusterhuvudv\u00e4rk. Det visar tv\u00e5 nya studier fr\u00e5n Karolinska institutet som unders\u00f6kt de biologiska mekanismerna bakom den sm\u00e4rtsamma sjukdomen.<\/p>\n<p class=\"wp-block-paragraph\">Klusterhuvudv\u00e4rk \u00e4r en ovanlig typ av huvudv\u00e4rk som ger pl\u00f6tsliga, mycket sm\u00e4rtsamma attacker. P\u00e5 grund av den extrema sm\u00e4rtan kallas den ibland f\u00f6r sj\u00e4lvmordshuvudv\u00e4rk, och orsakerna bakom sjukdomen \u00e4r till stora delar ok\u00e4nda. <\/p>\n<p class=\"wp-block-paragraph\">I tv\u00e5 nya studier har forskare vid Karolinska institutet unders\u00f6kt b\u00e5de genetiska och milj\u00f6relaterade faktorer som kan bidra till klusterhuvudv\u00e4rk.<\/p>\n<p class=\"wp-block-paragraph\">I den ena studien analyserade forskarna genetiska riskfaktorer som tidigare identifierats i s\u00e5 kallade helgenomstudier, d\u00e4r hela arvsmassan j\u00e4mf\u00f6rs mellan personer med och utan sjukdom.<\/p>\n<p class=\"wp-block-paragraph\">Studien omfattade genetiska analyser av \u00f6ver 1\u00a0500 personer samt kompletterande analyser av blodprover, hudceller och dna fr\u00e5n mindre grupper av patienter och kontrollpersoner.<\/p>\n<p>Gener pekar mot inflammation<\/p>\n<p class=\"wp-block-paragraph\">Forskarna kunde bekr\u00e4fta sju gener som tidigare har kopplats till klusterhuvudv\u00e4rk och visa att flera av dem uttrycks annorlunda hos personer med sjukdomen. Sex av de sju generna \u00e4r aktiva i immunceller eller har kopplingar till kroppens inflammatoriska signalv\u00e4gar.<\/p>\n<p class=\"wp-block-paragraph\">\u2013 Det h\u00e4r st\u00e4rker <a class=\"glossaryLink\" aria-describedby=\"tt\" data-cmtooltip=\"&lt;div class=glossaryItemBody&gt; Ett antagande om hur n\u00e5got \u00e4r eller fungerar, som forskare kan unders\u00f6ka f\u00f6r att se om det st\u00e4mmer.&lt;br\/&gt;En hypotes \u00e4r en id\u00e9 om  ...&lt;\/div&gt;&lt;div class=glossaryTooltipMoreLinkWrapper&gt;&lt;a class=glossaryTooltipMoreLink href=https:\/\/forskning.se\/ordlista\/hypotes\/ &gt;L\u00e4s mer&lt;\/a&gt;&lt;\/div&gt;\" href=\"https:\/\/forskning.se\/ordlista\/hypotes\/\" data-mobile-support=\"0\" data-gt-translate-attributes=\"[{\" attribute=\"\" tabindex=\"0\" role=\"link\" rel=\"nofollow noopener\" target=\"_blank\">hypotesen<\/a> att immunf\u00f6rsvaret och inflammation kan spela en central roll vid klusterhuvudv\u00e4rk. Flera av generna p\u00e5verkar samma biologiska signalv\u00e4gar, vilket ger oss viktiga ledtr\u00e5dar om mekanismerna bakom sjukdomen, s\u00e4ger Caroline Ran, <a class=\"glossaryLink\" aria-describedby=\"tt\" data-cmtooltip=\"&lt;div class=glossaryItemBody&gt; Akademisk titel f\u00f6r forskare som har visat att de \u00e4r skickliga p\u00e5 b\u00e5de forskning och undervisning.&lt;br\/&gt;Den som blir docent har  ...&lt;\/div&gt;&lt;div class=glossaryTooltipMoreLinkWrapper&gt;&lt;a class=glossaryTooltipMoreLink href=https:\/\/forskning.se\/ordlista\/docent\/ &gt;L\u00e4s mer&lt;\/a&gt;&lt;\/div&gt;\" href=\"https:\/\/forskning.se\/ordlista\/docent\/\" data-mobile-support=\"0\" data-gt-translate-attributes=\"[{\" attribute=\"\" tabindex=\"0\" role=\"link\" rel=\"nofollow noopener\" target=\"_blank\">docent<\/a> vid Centrum f\u00f6r klusterhuvudv\u00e4rk p\u00e5 institutionen f\u00f6r neurovetenskap vid Karolinska institutet.<\/p>\n<p class=\"wp-block-paragraph\">Den andra studien<strong> <\/strong>unders\u00f6kte om exponering f\u00f6r \u00e4mnen i tobaksr\u00f6k kan p\u00e5verka hur gener regleras hos personer med klusterhuvudv\u00e4rk.<\/p>\n<p class=\"wp-block-paragraph\">Tidigare forskning har visat att personer med sjukdomen r\u00f6ker oftare \u00e4n befolkningen i stort. Forskarna analyserade blod-, DNA- och ryggv\u00e4tskeprover fr\u00e5n personer med klusterhuvudv\u00e4rk och friska kontrollpersoner. Antalet deltagare varierade mellan 26 och 79 beroende p\u00e5 analys.<\/p>\n<p class=\"wp-block-paragraph\">Personer med klusterhuvudv\u00e4rk hade mark\u00f6rer som tyder p\u00e5 \u00f6kad exponering f\u00f6r tungmetaller och andra \u00e4mnen i tobaksr\u00f6k. De hade \u00e4ven f\u00f6r\u00e4ndringar i mark\u00f6rer som styr DNA-metylering, en mekanism som p\u00e5verkar hur aktiva olika gener \u00e4r.<\/p>\n<p class=\"wp-block-paragraph\">\u2013 Studien kan inte fastst\u00e4lla orsak och verkan men resultaten tyder p\u00e5 att milj\u00f6faktorer, som tungmetaller fr\u00e5n tobaksr\u00f6k, kan samverka med biologiska mekanismer vid klusterhuvudv\u00e4rk, s\u00e4ger Andrea Carmine Belin, docent vid Centrum f\u00f6r klusterhuvudv\u00e4rk p\u00e5 institutionen f\u00f6r neurovetenskap vid Karolinska institutet.\u00a0<\/p>\n<p class=\"wp-block-paragraph\">Forskarna betonar att b\u00e5da studierna har begr\u00e4nsningar. De biologiska analyserna genomf\u00f6rdes p\u00e5 relativt sm\u00e5 grupper av deltagare, och flera av resultaten beh\u00f6ver bekr\u00e4ftas i st\u00f6rre studier.<\/p>\n<p>Vetenskapliga artiklar:<\/p>\n<p class=\"wp-block-paragraph\"><a href=\"https:\/\/doi.org\/10.1186\/s10194-026-02485-x\" target=\"_blank\" rel=\"noopener nofollow\">Genome-wide association susceptibility loci for cluster headache support a role for inflammation in the pathophysiology<\/a>, The Journal of Headache and Pain.<\/p>\n<p class=\"wp-block-paragraph\"><a href=\"https:\/\/doi.org\/10.1177\/03331024261480707\" target=\"_blank\" rel=\"noopener nofollow\">Increased markers of heavy metal exposure and DNA methylation in cluster headache<\/a>, Cephalalgia.<\/p>\n","protected":false},"excerpt":{"rendered":"Inflammation, f\u00f6r\u00e4ndrad genreglering och exponering f\u00f6r \u00e4mnen i tobaksr\u00f6k kan ha betydelse f\u00f6r utvecklingen av s\u00e5 kallad klusterhuvudv\u00e4rk.&hellip;\n","protected":false},"author":2,"featured_media":354801,"comment_status":"","ping_status":"","sticky":false,"template":"","format":"standard","meta":{"footnotes":"","_share_on_mastodon":"0"},"categories":[69],"tags":[113,112,505,34,31,33,32,30],"class_list":["post-354800","post","type-post","status-publish","format-standard","has-post-thumbnail","category-halsa","tag-halsa","tag-health","tag-nyhet","tag-se","tag-svenska","tag-sverige","tag-sweden","tag-swedish"],"share_on_mastodon":{"url":"https:\/\/pubeurope.com\/@se\/117168050151973157","error":""},"_links":{"self":[{"href":"https:\/\/www.europesays.com\/se\/wp-json\/wp\/v2\/posts\/354800","targetHints":{"allow":["GET"]}}],"collection":[{"href":"https:\/\/www.europesays.com\/se\/wp-json\/wp\/v2\/posts"}],"about":[{"href":"https:\/\/www.europesays.com\/se\/wp-json\/wp\/v2\/types\/post"}],"author":[{"embeddable":true,"href":"https:\/\/www.europesays.com\/se\/wp-json\/wp\/v2\/users\/2"}],"replies":[{"embeddable":true,"href":"https:\/\/www.europesays.com\/se\/wp-json\/wp\/v2\/comments?post=354800"}],"version-history":[{"count":0,"href":"https:\/\/www.europesays.com\/se\/wp-json\/wp\/v2\/posts\/354800\/revisions"}],"wp:featuredmedia":[{"embeddable":true,"href":"https:\/\/www.europesays.com\/se\/wp-json\/wp\/v2\/media\/354801"}],"wp:attachment":[{"href":"https:\/\/www.europesays.com\/se\/wp-json\/wp\/v2\/media?parent=354800"}],"wp:term":[{"taxonomy":"category","embeddable":true,"href":"https:\/\/www.europesays.com\/se\/wp-json\/wp\/v2\/categories?post=354800"},{"taxonomy":"post_tag","embeddable":true,"href":"https:\/\/www.europesays.com\/se\/wp-json\/wp\/v2\/tags?post=354800"}],"curies":[{"name":"wp","href":"https:\/\/api.w.org\/{rel}","templated":true}]}}