{"id":355026,"date":"2026-08-27T17:43:17","date_gmt":"2026-08-27T17:43:17","guid":{"rendered":"https:\/\/www.europesays.com\/se\/355026\/"},"modified":"2026-08-27T17:43:17","modified_gmt":"2026-08-27T17:43:17","slug":"fn-kraver-barnskydd-i-sociala-medier-overallt-efter-forlikningen","status":"publish","type":"post","link":"https:\/\/www.europesays.com\/se\/355026\/","title":{"rendered":"FN kr\u00e4ver barnskydd i sociala medier \u00f6verallt efter f\u00f6rlikningen"},"content":{"rendered":"<p>FN uppmanar techbolaget Meta att inf\u00f6ra skydd f\u00f6r barn i alla sina sociala medier \u00f6verallt i v\u00e4rlden efter g\u00e5rdagens f\u00f6rlikning med 29 amerikanska delstater. Det rapporterar AFP. <\/p>\n<p>\u201dDe f\u00f6r\u00e4ndringar som Meta har g\u00e5tt med p\u00e5 att g\u00f6ra i sina appar g\u00e5r i linje med vad vi har efterfr\u00e5gat, men det r\u00e4cker inte\u201d, skriver FN:s m\u00e4nniskor\u00e4ttschef Volker T\u00fcrk i ett uttalande. <\/p>\n<p>Enligt f\u00f6rlikningen ska Meta skydda barn och ton\u00e5ringar fr\u00e5n appberoende genom att bland annat d\u00f6lja likes och reaktioner p\u00e5 inl\u00e4gg och f\u00f6rbjuda sk\u00f6nhetsfilter \u2013\u202fmen bara i USA. <\/p>\n<p>Meta \u00e4ger Facebook, Instagram och Whatsapp.<\/p>\n<p>Omni \u00e4r politiskt obundna och oberoende. Vi str\u00e4var efter att ge fler perspektiv p\u00e5 nyheterna. Har du fr\u00e5gor eller synpunkter kring v\u00e5r rapportering? <a href=\"https:\/\/omni.se\/fn-kraver-barnskydd-i-sociala-medier-overallt-efter-forlikningen\/a\/mailto:redaktion@omni.se\" class=\"ArticleActions-module-scss-module__w9u9BG__contactLink\" rel=\"nofollow noopener\" target=\"_blank\">Kontakta redaktionen<\/a><\/p>\n","protected":false},"excerpt":{"rendered":"FN uppmanar techbolaget Meta att inf\u00f6ra skydd f\u00f6r barn i alla sina sociala medier \u00f6verallt i v\u00e4rlden efter&hellip;\n","protected":false},"author":2,"featured_media":355027,"comment_status":"","ping_status":"","sticky":false,"template":"","format":"standard","meta":{"footnotes":"","_share_on_mastodon":"0"},"categories":[65],"tags":[223,72,333,70,71,4442,2150,2623,334,2226,268,34,636,31,33,32,30,74,8757],"class_list":["post-355026","post","type-post","status-publish","format-standard","has-post-thumbnail","category-ekonomi","tag-barn-unga","tag-business","tag-data","tag-economy","tag-ekonomi","tag-facebook","tag-fn","tag-instagram","tag-it-hogteknologi","tag-meta","tag-nordamerika","tag-se","tag-sociala-medier","tag-svenska","tag-sverige","tag-sweden","tag-swedish","tag-usa","tag-whatsapp"],"share_on_mastodon":{"url":"https:\/\/pubeurope.com\/@se\/117168714684098084","error":""},"_links":{"self":[{"href":"https:\/\/www.europesays.com\/se\/wp-json\/wp\/v2\/posts\/355026","targetHints":{"allow":["GET"]}}],"collection":[{"href":"https:\/\/www.europesays.com\/se\/wp-json\/wp\/v2\/posts"}],"about":[{"href":"https:\/\/www.europesays.com\/se\/wp-json\/wp\/v2\/types\/post"}],"author":[{"embeddable":true,"href":"https:\/\/www.europesays.com\/se\/wp-json\/wp\/v2\/users\/2"}],"replies":[{"embeddable":true,"href":"https:\/\/www.europesays.com\/se\/wp-json\/wp\/v2\/comments?post=355026"}],"version-history":[{"count":0,"href":"https:\/\/www.europesays.com\/se\/wp-json\/wp\/v2\/posts\/355026\/revisions"}],"wp:featuredmedia":[{"embeddable":true,"href":"https:\/\/www.europesays.com\/se\/wp-json\/wp\/v2\/media\/355027"}],"wp:attachment":[{"href":"https:\/\/www.europesays.com\/se\/wp-json\/wp\/v2\/media?parent=355026"}],"wp:term":[{"taxonomy":"category","embeddable":true,"href":"https:\/\/www.europesays.com\/se\/wp-json\/wp\/v2\/categories?post=355026"},{"taxonomy":"post_tag","embeddable":true,"href":"https:\/\/www.europesays.com\/se\/wp-json\/wp\/v2\/tags?post=355026"}],"curies":[{"name":"wp","href":"https:\/\/api.w.org\/{rel}","templated":true}]}}